{"id":70743,"date":"2025-03-04T20:54:50","date_gmt":"2025-03-04T20:54:50","guid":{"rendered":"https:\/\/azrielifoundation.org\/fr\/?post_type=stories&#038;p=70743"},"modified":"2025-03-11T19:00:33","modified_gmt":"2025-03-11T19:00:33","slug":"lannexe-propulse-par-les-femmes-un-centre-curatif-pour-les-jeunes-de-montreal","status":"publish","type":"stories","link":"https:\/\/azrielifoundation.org\/fr\/stories\/lannexe-propulse-par-les-femmes-un-centre-curatif-pour-les-jeunes-de-montreal\/","title":{"rendered":"L\u2019Annexe propuls\u00e9 par les femmes : un centre curatif pour les jeunes de Montr\u00e9al"},"content":{"rendered":"\r\n<p><span data-contrast=\"auto\">Face aux multiples d\u00e9fis auxquels le monde est confront\u00e9 aujourd\u2019hui \u2013 de l\u2019isolement induit par la technologie aux politiques divisives \u2013 de nombreux jeunes peuvent se sentir d\u00e9connect\u00e9s de leurs pairs et souffrir de probl\u00e8mes de sant\u00e9 mentale. Cependant, toutes les interventions li\u00e9es \u00e0 la sant\u00e9 mentale ne n\u00e9cessitent pas une approche standardis\u00e9e. Parfois, un cours de cuisine, un atelier d\u2019\u00e9criture, un club de lecture ou une s\u00e9ance d\u2019improvisation musicale peuvent s\u2019av\u00e9rer aussi \u2013 voire plus \u2013 b\u00e9n\u00e9fiques pour un jeune qu\u2019une s\u00e9ance \u00e0 huis clos avec un th\u00e9rapeute.<\/span><span data-ccp-props=\"{&quot;335559738&quot;:240,&quot;335559739&quot;:240}\">\u00a0<\/span><\/p>\r\n<p><span data-contrast=\"auto\">C\u2019est cette r\u00e9flexion qui a men\u00e9 \u00e0 la cr\u00e9ation de L\u2019Annexe, le <\/span><a href=\"https:\/\/www.ometz.ca\/?langID=2\" target=\"_blank\" rel=\"noopener\"><span data-contrast=\"none\">Centre Ometz pour jeunes adultes<\/span><\/a><span data-contrast=\"auto\">, un centre communautaire et de services sociaux juif situ\u00e9 \u00e0 Montr\u00e9al, dans une partie r\u00e9nov\u00e9e du Y juif. L\u2019espace physique lui-m\u00eame favorise la sant\u00e9 mentale, avec ses planchers de bois naturel et ses rayons de lumi\u00e8re qui inondent les pi\u00e8ces \u00e0 travers des fen\u00eatres donnant sur un parc verdoyant et luxuriant. Serein. Accueillant. Curatif. Sain. Voil\u00e0 quelques mots qui d\u00e9crivent le sentiment que ressentent de nombreux jeunes \u00e2g\u00e9s de 16 \u00e0 35 ans chaque fois qu\u2019ils entrent dans cet espace. Ils peuvent y venir avec une multitude de d\u00e9fis \u2013 de l\u2019anxi\u00e9t\u00e9 sociale \u00e0 la recherche d\u2019un emploi, en passant par des questions li\u00e9es \u00e0 leur sexualit\u00e9 ou identit\u00e9 de genre. \u00c0 L\u2019Annexe, ils trouvent ce qu\u2019ils recherchent dans une atmosph\u00e8re accueillante, bienveillante et solidaire. Ce n\u2019est pas une solution miracle, affirment les deux femmes qui dirigent L\u2019Annexe, mais c\u2019est certainement un espace curatif.<\/span><span data-ccp-props=\"{&quot;335559738&quot;:240,&quot;335559739&quot;:240}\">\u00a0<\/span><\/p>\r\n<p><span data-contrast=\"auto\">L\u2019Annexe est un programme qui n\u2019existait pas jusqu\u2019\u00e0 ce que Dominique McCaughey soit invit\u00e9e par la Fondation Azrieli \u00e0 \u00ab r\u00eaver plus grand \u00bb. Dominique est la directrice g\u00e9n\u00e9rale d\u2019Ometz, une agence qui offre des services sociaux, d\u2019emploi et d\u2019immigration \u00e0 la communaut\u00e9 juive montr\u00e9alaise. En 2015, Ometz a approch\u00e9 la Fondation Azrieli pour <span class=\"NormalTextRun SCXW70602198 BCX0\">un <\/span><span class=\"NormalTextRun SCXW70602198 BCX0\">projet<\/span><span class=\"NormalTextRun SCXW70602198 BCX0\"> de plus petite<\/span><span class=\"NormalTextRun SCXW70602198 BCX0\"> envergure<\/span>, mais la Fondation leur a pos\u00e9 la question : \u00ab Si vous pouviez r\u00eaver plus grand, que feriez-vous? \u00bb<\/span><span data-ccp-props=\"{&quot;335559738&quot;:240,&quot;335559739&quot;:240}\">\u00a0<\/span><\/p>\r\n<p><span data-contrast=\"auto\">Cette question a \u00e9veill\u00e9 une vision plus ambitieuse pour la cr\u00e9ation de L\u2019Annexe, un programme qui s\u2019inscrit dans la mission d\u2019Ometz.<\/span><span data-ccp-props=\"{&quot;335559738&quot;:240,&quot;335559739&quot;:240}\">\u00a0<\/span><\/p>\r\n<p><span data-contrast=\"auto\">\u00ab Nous avons r\u00e9pondu que nous aimerions mettre sur pied un centre pour jeunes adultes \u00bb, explique McCaughey. \u00ab En changeant la fa\u00e7on dont nous offrons les services et l\u2019endroit o\u00f9 nous les offrons, nous aurons un impact plus important. \u00bb<\/span><span data-ccp-props=\"{&quot;335559738&quot;:240,&quot;335559739&quot;:240}\">\u00a0<\/span><\/p>\r\n<p><span data-contrast=\"auto\">L\u2019id\u00e9e a pris racine, et le reste appartient \u00e0 l\u2019histoire. Gr\u00e2ce \u00e0 la contribution d\u2019autres donateurs, la Fondation Azrieli a transform\u00e9 ce r\u00eave en r\u00e9alit\u00e9, favorisant ainsi le d\u00e9veloppement sain de nombreux jeunes montr\u00e9alais qui, autrement, auraient eu du mal \u00e0 trouver leur chemin.<\/span><span data-ccp-props=\"{&quot;335559738&quot;:240,&quot;335559739&quot;:240}\">\u00a0<\/span><\/p>\r\n<p><span data-contrast=\"auto\">\u00ab Le fil conducteur pour chaque jeune qui vient \u00e0 L\u2019Annexe est qu\u2019il ou elle essaie de comprendre son identit\u00e9 et comment naviguer dans le monde \u00bb, explique Lanya McClintock, gestionnaire de L\u2019Annexe. \u00ab Nous parlons avec eux de leur vie, nous d\u00e9couvrons o\u00f9 ils aimeraient se retrouver, et nous les aidons \u00e0 atteindre leurs objectifs. \u00bb<\/span><span data-ccp-props=\"{&quot;335559738&quot;:240,&quot;335559739&quot;:240}\">\u00a0<\/span><\/p>\r\n<p><span data-contrast=\"auto\">Cliquez sur le lien ci-dessous pour regarder une vid\u00e9o sur le centre. Vous pouvez visiter le <a href=\"https:\/\/www.ometz.ca\/lannexe_fr\/?langID=2\" target=\"_blank\" rel=\"noopener\">site Web de L\u2019Annexe <\/a><\/span><span data-contrast=\"none\">ici<\/span><span data-contrast=\"auto\">.<\/span><span data-ccp-props=\"{&quot;335559738&quot;:240,&quot;335559739&quot;:240}\">\u00a0<\/span><\/p>\r\n<p><div class='avia-iframe-wrap'><iframe loading=\"lazy\" title=\"L&#039;Annexe: Ometz Centre for Young Adults + The Azrieli Foundation\" width=\"1500\" height=\"844\" src=\"https:\/\/www.youtube.com\/embed\/eIGl4THBg7s?feature=oembed&#038;enablejsapi=1&#038;origin=https:\/\/azrielifoundation.org\" frameborder=\"0\" allow=\"accelerometer; autoplay; clipboard-write; encrypted-media; gyroscope; picture-in-picture; web-share\" referrerpolicy=\"strict-origin-when-cross-origin\" allowfullscreen><\/iframe><\/div><\/p>\r\n","protected":false},"excerpt":{"rendered":"<p>Face aux multiples d\u00e9fis auxquels le monde est confront\u00e9 aujourd\u2019hui \u2013 de l\u2019isolement induit par la technologie aux politiques divisives \u2013 de nombreux jeunes peuvent se sentir d\u00e9connect\u00e9s de leurs pairs et souffrir de probl\u00e8mes de sant\u00e9 mentale. Cependant, toutes les interventions li\u00e9es \u00e0 la sant\u00e9 mentale ne n\u00e9cessitent pas une approche standardis\u00e9e. Parfois, un [&hellip;]<\/p>\n","protected":false},"featured_media":70744,"comment_status":"closed","ping_status":"closed","template":"","tags":[],"stories_entries":[],"class_list":["post-70743","stories","type-stories","status-publish","has-post-thumbnail","hentry"],"acf":[],"yoast_head":"<!-- This site is optimized with the Yoast SEO plugin v27.3 - https:\/\/yoast.com\/product\/yoast-seo-wordpress\/ -->\n<title>L\u2019Annexe propuls\u00e9 par les femmes : un centre curatif pour les jeunes de Montr\u00e9al - The Azrieli Foundation<\/title>\n<meta name=\"robots\" content=\"index, follow, max-snippet:-1, max-image-preview:large, max-video-preview:-1\" \/>\n<link rel=\"canonical\" href=\"https:\/\/azrielifoundation.org\/fr\/stories\/lannexe-propulse-par-les-femmes-un-centre-curatif-pour-les-jeunes-de-montreal\/\" \/>\n<meta property=\"og:locale\" content=\"en_US\" \/>\n<meta property=\"og:type\" content=\"article\" \/>\n<meta property=\"og:title\" content=\"L\u2019Annexe propuls\u00e9 par les femmes : un centre curatif pour les jeunes de Montr\u00e9al - The Azrieli Foundation\" \/>\n<meta property=\"og:description\" content=\"Face aux multiples d\u00e9fis auxquels le monde est confront\u00e9 aujourd\u2019hui \u2013 de l\u2019isolement induit par la technologie aux politiques divisives \u2013 de nombreux jeunes peuvent se sentir d\u00e9connect\u00e9s de leurs pairs et souffrir de probl\u00e8mes de sant\u00e9 mentale. Cependant, toutes les interventions li\u00e9es \u00e0 la sant\u00e9 mentale ne n\u00e9cessitent pas une approche standardis\u00e9e. Parfois, un [&hellip;]\" \/>\n<meta property=\"og:url\" content=\"https:\/\/azrielifoundation.org\/fr\/stories\/lannexe-propulse-par-les-femmes-un-centre-curatif-pour-les-jeunes-de-montreal\/\" \/>\n<meta property=\"og:site_name\" content=\"The Azrieli Foundation\" \/>\n<meta property=\"article:modified_time\" content=\"2025-03-11T19:00:33+00:00\" \/>\n<meta property=\"og:image\" content=\"https:\/\/azrielifoundation.org\/fr\/wp-content\/uploads\/2025\/02\/facing-challenges-recap-1-1030x720.jpg\" \/>\n\t<meta property=\"og:image:width\" content=\"1030\" \/>\n\t<meta property=\"og:image:height\" content=\"720\" \/>\n\t<meta property=\"og:image:type\" content=\"image\/jpeg\" \/>\n<meta name=\"twitter:card\" content=\"summary_large_image\" \/>\n<meta name=\"twitter:label1\" content=\"Est. reading time\" \/>\n\t<meta name=\"twitter:data1\" content=\"3 minutes\" \/>\n<script type=\"application\/ld+json\" class=\"yoast-schema-graph\">{\"@context\":\"https:\\\/\\\/schema.org\",\"@graph\":[{\"@type\":\"WebPage\",\"@id\":\"https:\\\/\\\/azrielifoundation.org\\\/fr\\\/stories\\\/lannexe-propulse-par-les-femmes-un-centre-curatif-pour-les-jeunes-de-montreal\\\/\",\"url\":\"https:\\\/\\\/azrielifoundation.org\\\/fr\\\/stories\\\/lannexe-propulse-par-les-femmes-un-centre-curatif-pour-les-jeunes-de-montreal\\\/\",\"name\":\"L\u2019Annexe propuls\u00e9 par les femmes : un centre curatif pour les jeunes de Montr\u00e9al - The Azrieli Foundation\",\"isPartOf\":{\"@id\":\"https:\\\/\\\/azrielifoundation.org\\\/fr\\\/#website\"},\"primaryImageOfPage\":{\"@id\":\"https:\\\/\\\/azrielifoundation.org\\\/fr\\\/stories\\\/lannexe-propulse-par-les-femmes-un-centre-curatif-pour-les-jeunes-de-montreal\\\/#primaryimage\"},\"image\":{\"@id\":\"https:\\\/\\\/azrielifoundation.org\\\/fr\\\/stories\\\/lannexe-propulse-par-les-femmes-un-centre-curatif-pour-les-jeunes-de-montreal\\\/#primaryimage\"},\"thumbnailUrl\":\"https:\\\/\\\/azrielifoundation.org\\\/fr\\\/wp-content\\\/uploads\\\/2025\\\/02\\\/facing-challenges-recap-1-scaled.jpg\",\"datePublished\":\"2025-03-04T20:54:50+00:00\",\"dateModified\":\"2025-03-11T19:00:33+00:00\",\"breadcrumb\":{\"@id\":\"https:\\\/\\\/azrielifoundation.org\\\/fr\\\/stories\\\/lannexe-propulse-par-les-femmes-un-centre-curatif-pour-les-jeunes-de-montreal\\\/#breadcrumb\"},\"inLanguage\":\"en-US\",\"potentialAction\":[{\"@type\":\"ReadAction\",\"target\":[\"https:\\\/\\\/azrielifoundation.org\\\/fr\\\/stories\\\/lannexe-propulse-par-les-femmes-un-centre-curatif-pour-les-jeunes-de-montreal\\\/\"]}]},{\"@type\":\"ImageObject\",\"inLanguage\":\"en-US\",\"@id\":\"https:\\\/\\\/azrielifoundation.org\\\/fr\\\/stories\\\/lannexe-propulse-par-les-femmes-un-centre-curatif-pour-les-jeunes-de-montreal\\\/#primaryimage\",\"url\":\"https:\\\/\\\/azrielifoundation.org\\\/fr\\\/wp-content\\\/uploads\\\/2025\\\/02\\\/facing-challenges-recap-1-scaled.jpg\",\"contentUrl\":\"https:\\\/\\\/azrielifoundation.org\\\/fr\\\/wp-content\\\/uploads\\\/2025\\\/02\\\/facing-challenges-recap-1-scaled.jpg\",\"width\":2560,\"height\":1790},{\"@type\":\"BreadcrumbList\",\"@id\":\"https:\\\/\\\/azrielifoundation.org\\\/fr\\\/stories\\\/lannexe-propulse-par-les-femmes-un-centre-curatif-pour-les-jeunes-de-montreal\\\/#breadcrumb\",\"itemListElement\":[{\"@type\":\"ListItem\",\"position\":1,\"name\":\"Home\",\"item\":\"https:\\\/\\\/azrielifoundation.org\\\/fr\\\/\"},{\"@type\":\"ListItem\",\"position\":2,\"name\":\"L\u2019Annexe propuls\u00e9 par les femmes : un centre curatif pour les jeunes de Montr\u00e9al\"}]},{\"@type\":\"WebSite\",\"@id\":\"https:\\\/\\\/azrielifoundation.org\\\/fr\\\/#website\",\"url\":\"https:\\\/\\\/azrielifoundation.org\\\/fr\\\/\",\"name\":\"The Azrieli Foundation\",\"description\":\"\",\"potentialAction\":[{\"@type\":\"SearchAction\",\"target\":{\"@type\":\"EntryPoint\",\"urlTemplate\":\"https:\\\/\\\/azrielifoundation.org\\\/fr\\\/?s={search_term_string}\"},\"query-input\":{\"@type\":\"PropertyValueSpecification\",\"valueRequired\":true,\"valueName\":\"search_term_string\"}}],\"inLanguage\":\"en-US\"}]}<\/script>\n<!-- \/ Yoast SEO plugin. -->","yoast_head_json":{"title":"L\u2019Annexe propuls\u00e9 par les femmes : un centre curatif pour les jeunes de Montr\u00e9al - The Azrieli Foundation","robots":{"index":"index","follow":"follow","max-snippet":"max-snippet:-1","max-image-preview":"max-image-preview:large","max-video-preview":"max-video-preview:-1"},"canonical":"https:\/\/azrielifoundation.org\/fr\/stories\/lannexe-propulse-par-les-femmes-un-centre-curatif-pour-les-jeunes-de-montreal\/","og_locale":"en_US","og_type":"article","og_title":"L\u2019Annexe propuls\u00e9 par les femmes : un centre curatif pour les jeunes de Montr\u00e9al - The Azrieli Foundation","og_description":"Face aux multiples d\u00e9fis auxquels le monde est confront\u00e9 aujourd\u2019hui \u2013 de l\u2019isolement induit par la technologie aux politiques divisives \u2013 de nombreux jeunes peuvent se sentir d\u00e9connect\u00e9s de leurs pairs et souffrir de probl\u00e8mes de sant\u00e9 mentale. Cependant, toutes les interventions li\u00e9es \u00e0 la sant\u00e9 mentale ne n\u00e9cessitent pas une approche standardis\u00e9e. Parfois, un [&hellip;]","og_url":"https:\/\/azrielifoundation.org\/fr\/stories\/lannexe-propulse-par-les-femmes-un-centre-curatif-pour-les-jeunes-de-montreal\/","og_site_name":"The Azrieli Foundation","article_modified_time":"2025-03-11T19:00:33+00:00","og_image":[{"width":1030,"height":720,"url":"https:\/\/azrielifoundation.org\/fr\/wp-content\/uploads\/2025\/02\/facing-challenges-recap-1-1030x720.jpg","type":"image\/jpeg"}],"twitter_card":"summary_large_image","twitter_misc":{"Est. reading time":"3 minutes"},"schema":{"@context":"https:\/\/schema.org","@graph":[{"@type":"WebPage","@id":"https:\/\/azrielifoundation.org\/fr\/stories\/lannexe-propulse-par-les-femmes-un-centre-curatif-pour-les-jeunes-de-montreal\/","url":"https:\/\/azrielifoundation.org\/fr\/stories\/lannexe-propulse-par-les-femmes-un-centre-curatif-pour-les-jeunes-de-montreal\/","name":"L\u2019Annexe propuls\u00e9 par les femmes : un centre curatif pour les jeunes de Montr\u00e9al - The Azrieli Foundation","isPartOf":{"@id":"https:\/\/azrielifoundation.org\/fr\/#website"},"primaryImageOfPage":{"@id":"https:\/\/azrielifoundation.org\/fr\/stories\/lannexe-propulse-par-les-femmes-un-centre-curatif-pour-les-jeunes-de-montreal\/#primaryimage"},"image":{"@id":"https:\/\/azrielifoundation.org\/fr\/stories\/lannexe-propulse-par-les-femmes-un-centre-curatif-pour-les-jeunes-de-montreal\/#primaryimage"},"thumbnailUrl":"https:\/\/azrielifoundation.org\/fr\/wp-content\/uploads\/2025\/02\/facing-challenges-recap-1-scaled.jpg","datePublished":"2025-03-04T20:54:50+00:00","dateModified":"2025-03-11T19:00:33+00:00","breadcrumb":{"@id":"https:\/\/azrielifoundation.org\/fr\/stories\/lannexe-propulse-par-les-femmes-un-centre-curatif-pour-les-jeunes-de-montreal\/#breadcrumb"},"inLanguage":"en-US","potentialAction":[{"@type":"ReadAction","target":["https:\/\/azrielifoundation.org\/fr\/stories\/lannexe-propulse-par-les-femmes-un-centre-curatif-pour-les-jeunes-de-montreal\/"]}]},{"@type":"ImageObject","inLanguage":"en-US","@id":"https:\/\/azrielifoundation.org\/fr\/stories\/lannexe-propulse-par-les-femmes-un-centre-curatif-pour-les-jeunes-de-montreal\/#primaryimage","url":"https:\/\/azrielifoundation.org\/fr\/wp-content\/uploads\/2025\/02\/facing-challenges-recap-1-scaled.jpg","contentUrl":"https:\/\/azrielifoundation.org\/fr\/wp-content\/uploads\/2025\/02\/facing-challenges-recap-1-scaled.jpg","width":2560,"height":1790},{"@type":"BreadcrumbList","@id":"https:\/\/azrielifoundation.org\/fr\/stories\/lannexe-propulse-par-les-femmes-un-centre-curatif-pour-les-jeunes-de-montreal\/#breadcrumb","itemListElement":[{"@type":"ListItem","position":1,"name":"Home","item":"https:\/\/azrielifoundation.org\/fr\/"},{"@type":"ListItem","position":2,"name":"L\u2019Annexe propuls\u00e9 par les femmes : un centre curatif pour les jeunes de Montr\u00e9al"}]},{"@type":"WebSite","@id":"https:\/\/azrielifoundation.org\/fr\/#website","url":"https:\/\/azrielifoundation.org\/fr\/","name":"The Azrieli Foundation","description":"","potentialAction":[{"@type":"SearchAction","target":{"@type":"EntryPoint","urlTemplate":"https:\/\/azrielifoundation.org\/fr\/?s={search_term_string}"},"query-input":{"@type":"PropertyValueSpecification","valueRequired":true,"valueName":"search_term_string"}}],"inLanguage":"en-US"}]}},"_links":{"self":[{"href":"https:\/\/azrielifoundation.org\/fr\/wp-json\/wp\/v2\/stories\/70743","targetHints":{"allow":["GET"]}}],"collection":[{"href":"https:\/\/azrielifoundation.org\/fr\/wp-json\/wp\/v2\/stories"}],"about":[{"href":"https:\/\/azrielifoundation.org\/fr\/wp-json\/wp\/v2\/types\/stories"}],"replies":[{"embeddable":true,"href":"https:\/\/azrielifoundation.org\/fr\/wp-json\/wp\/v2\/comments?post=70743"}],"version-history":[{"count":8,"href":"https:\/\/azrielifoundation.org\/fr\/wp-json\/wp\/v2\/stories\/70743\/revisions"}],"predecessor-version":[{"id":71328,"href":"https:\/\/azrielifoundation.org\/fr\/wp-json\/wp\/v2\/stories\/70743\/revisions\/71328"}],"wp:featuredmedia":[{"embeddable":true,"href":"https:\/\/azrielifoundation.org\/fr\/wp-json\/wp\/v2\/media\/70744"}],"wp:attachment":[{"href":"https:\/\/azrielifoundation.org\/fr\/wp-json\/wp\/v2\/media?parent=70743"}],"wp:term":[{"taxonomy":"post_tag","embeddable":true,"href":"https:\/\/azrielifoundation.org\/fr\/wp-json\/wp\/v2\/tags?post=70743"},{"taxonomy":"stories_entries","embeddable":true,"href":"https:\/\/azrielifoundation.org\/fr\/wp-json\/wp\/v2\/stories_entries?post=70743"}],"curies":[{"name":"wp","href":"https:\/\/api.w.org\/{rel}","templated":true}]}}