{"id":69089,"date":"2024-07-15T10:00:58","date_gmt":"2024-07-15T10:00:58","guid":{"rendered":"https:\/\/theazrielifoundationfr.kinsta.cloud\/?post_type=stories&#038;p=69089"},"modified":"2025-01-08T19:44:02","modified_gmt":"2025-01-08T19:44:02","slug":"des-etudiants-en-architecture-concoivent-larret-de-bus-israelien-du-futur","status":"publish","type":"stories","link":"https:\/\/azrielifoundation.org\/fr\/stories\/des-etudiants-en-architecture-concoivent-larret-de-bus-israelien-du-futur\/","title":{"rendered":"Des \u00e9tudiants en architecture con\u00e7oivent l&#8217;arr\u00eat de bus isra\u00e9lien du futur"},"content":{"rendered":"<h2>Le 16 mai dernier, les \u00e9tudiants du cours Studio 1:1 de la facult\u00e9 d&#8217;architecture de l&#8217;universit\u00e9 Technion ont d\u00e9voil\u00e9 un prototype d&#8217;abribus qui r\u00e9pond aux probl\u00e8mes imm\u00e9diats des communaut\u00e9s rurales \u00e0 la suite de la trag\u00e9die du 7 octobre.<\/h2>\n<p>L\u2019arr\u00eat de bus a \u00e9t\u00e9 con\u00e7u et construit par les \u00e9tudiants du programme en collaboration avec les communaut\u00e9s locales, la municipalit\u00e9 d\u2019Eshkol Negev Maarvi, le minist\u00e8re des transports et des experts du milieu.<\/p>\n<p>Alors que la demande initiale des communaut\u00e9s locales \u00e9tait ax\u00e9e sur la question de la s\u00e9curit\u00e9 personnelle face aux roquettes et aux mortiers, les \u00e9tudiants ont appris \u00e0 \u00e9largir la notion de \u00ab\u00a0s\u00e9curit\u00e9 personnelle\u00a0\u00bb en \u00e9coutant plus attentivement les futurs utilisateurs de l&#8217;installation. Ils ont ainsi appris qu\u2019il \u00e9tait n\u00e9cessaire de mettre en place des mesures d&#8217;urgence telles qu&#8217;un syst\u00e8me de communication bidirectionnel en cas d&#8217;attaque, ainsi que d&#8217;autres besoins plus pratiques tels que des stations de recharge pour les t\u00e9l\u00e9phones portables, un routeur Wi-Fi pour l&#8217;acc\u00e8s \u00e0 Internet et une fontaine d&#8217;eau pour lutter contre la chaleur pendant les mois d&#8217;\u00e9t\u00e9. Les habitants ont \u00e9galement identifi\u00e9 le besoin d&#8217;un syst\u00e8me d&#8217;\u00e9clairage LED activ\u00e9 par capteur qui passe du vert au rouge pour signaler aux chauffeurs de bus la pr\u00e9sence de passagers en attente.<\/p>\n<p>Au-del\u00e0 de la s\u00e9curit\u00e9 et du confort, le prototype repr\u00e9sente une \u00e9tape importante en tant que mod\u00e8le d&#8217;impact social et de principes de conception innovants et durables. Par exemple, l&#8217;abribus int\u00e8gre :<\/p>\n<ul>\n<li><strong>Un syst\u00e8me de construction modulaire iForm brevet\u00e9 par Isra\u00ebl.<\/strong> Cela permet de pr\u00e9construire \u00e0 un endroit central et de transporter le site \u00e0 l&#8217;aide de camions conventionnels malgr\u00e9 la taille de la structure de pr\u00e8s de 10 m\u00e8tres, ce qui minimise les perturbations dans les zones rurales.<\/li>\n<li><strong>Mat\u00e9riaux durables :<\/strong> B\u00e9ton recycl\u00e9 et panneaux de bois d&#8217;eucalyptus biod\u00e9gradables qui minimisent l&#8217;impact sur l&#8217;environnement.<\/li>\n<\/ul>\n<p>Ce prototype servira de mod\u00e8le pour les futurs arr\u00eats de bus dans tout le pays, am\u00e9liorant ainsi l&#8217;acc\u00e8s aux transports publics dans les communaut\u00e9s rurales.<\/p>\n<blockquote><p><em>\u00ab En dotant les \u00e9tudiants de comp\u00e9tences pratiques et d&#8217;un \u00e9tat d&#8217;esprit ax\u00e9 sur la r\u00e9solution de probl\u00e8mes, et en leur apprenant \u00e0 travailler avec une \u00e9quipe interdisciplinaire d&#8217;experts sur un projet de conception, nous formons des architectes qui ne se contenteront pas de cr\u00e9er des structures visuellement attrayantes, mais qui r\u00e9pondront \u00e9galement \u00e0 des besoins sociaux cruciaux et plaideront en faveur de solutions durables en mati\u00e8re de conception \u00bb.<\/em><\/p>\n<p><em>&#8211; Gili Shapira, directrice du Centre d&#8217;architecture Azrieli<\/em><\/p><\/blockquote>\n<p>Financ\u00e9 par la Fondation Azrieli, Studio 1:1 est un programme d&#8217;apprentissage immersif centr\u00e9 sur le mod\u00e8le d&#8217;enseignement \u00ab\u00a0conception-construction\u00a0\u00bb, qui int\u00e8gre la th\u00e9orie architecturale et la responsabilit\u00e9 sociale. Le Studio donne aux \u00e9tudiants une occasion unique de prendre en charge un projet de construction qui r\u00e9pond aux besoins sp\u00e9cifiques des quartiers et des communaut\u00e9s d\u00e9favoris\u00e9s, r\u00e9pondant \u00e0 la r\u00e9alit\u00e9 difficile qu&#8217;Isra\u00ebl conna\u00eet depuis le 7 octobre.<\/p>\n<p>Le Studio s&#8217;aligne sur l&#8217;engagement de la Fondation Azrieli \u00e0 soutenir des programmes \u00e9ducatifs innovants qui permettent aux g\u00e9n\u00e9rations futures de s&#8217;engager dans la soci\u00e9t\u00e9 et d&#8217;avoir un impact significatif.<\/p>\n<p>Gili Shapira, directrice du Centre d\u2019architecture Azrieli qui comprend le programme Studio 1\u00a0:1, a d\u00e9clar\u00e9 lors de l&#8217;\u00e9v\u00e9nement que \u00ab\u00a0Studio 1:1 est un excellent exemple de la mani\u00e8re dont l&#8217;\u00e9ducation peut renforcer \u00e0 la fois la prochaine g\u00e9n\u00e9ration de concepteurs et les communaut\u00e9s pour lesquelles ils concevront des projets\u00a0\u00bb. Elle a rajout\u00e9 qu\u2019\u00ab\u00a0en dotant les \u00e9tudiants de comp\u00e9tences pratiques et d&#8217;un \u00e9tat d&#8217;esprit ax\u00e9 sur la r\u00e9solution de probl\u00e8mes, et en leur apprenant \u00e0 travailler avec une \u00e9quipe interdisciplinaire d&#8217;experts sur un projet de conception, nous formons des architectes qui ne se contenteront pas de cr\u00e9er des structures visuellement attrayantes, mais qui r\u00e9pondront \u00e9galement \u00e0 des besoins sociaux cruciaux et plaideront en faveur de solutions durables en mati\u00e8re de conception\u00a0\u00bb.<\/p>\n","protected":false},"excerpt":{"rendered":"<p>Le 16 mai dernier, les \u00e9tudiants du cours Studio 1:1 de la facult\u00e9 d&#8217;architecture de l&#8217;universit\u00e9 Technion ont d\u00e9voil\u00e9 un prototype d&#8217;abribus qui r\u00e9pond aux probl\u00e8mes imm\u00e9diats des communaut\u00e9s rurales \u00e0 la suite de la trag\u00e9die du 7 octobre. L\u2019arr\u00eat de bus a \u00e9t\u00e9 con\u00e7u et construit par les \u00e9tudiants du programme en collaboration avec [&hellip;]<\/p>\n","protected":false},"featured_media":70432,"comment_status":"closed","ping_status":"closed","template":"","tags":[],"stories_entries":[],"class_list":["post-69089","stories","type-stories","status-publish","has-post-thumbnail","hentry"],"acf":[],"yoast_head":"<!-- This site is optimized with the Yoast SEO plugin v27.3 - https:\/\/yoast.com\/product\/yoast-seo-wordpress\/ -->\n<title>Des \u00e9tudiants en architecture con\u00e7oivent l&#039;arr\u00eat de bus isra\u00e9lien du futur - The Azrieli Foundation<\/title>\n<meta name=\"description\" content=\"Dirig\u00e9 par l&#039;architecte Gili Shapira, le Centre s&#039;appuie sur l&#039;h\u00e9ritage de la Fondation Azrieli en mati\u00e8re de promotion de l&#039;\u00e9ducation et de la recherche dans le domaine.\" \/>\n<meta name=\"robots\" content=\"index, follow, max-snippet:-1, max-image-preview:large, max-video-preview:-1\" \/>\n<link rel=\"canonical\" href=\"https:\/\/azrielifoundation.org\/fr\/stories\/des-etudiants-en-architecture-concoivent-larret-de-bus-israelien-du-futur\/\" \/>\n<meta property=\"og:locale\" content=\"en_US\" \/>\n<meta property=\"og:type\" content=\"article\" \/>\n<meta property=\"og:title\" content=\"Des \u00e9tudiants en architecture con\u00e7oivent l&#039;arr\u00eat de bus isra\u00e9lien du futur - The Azrieli Foundation\" \/>\n<meta property=\"og:description\" content=\"Dirig\u00e9 par l&#039;architecte Gili Shapira, le Centre s&#039;appuie sur l&#039;h\u00e9ritage de la Fondation Azrieli en mati\u00e8re de promotion de l&#039;\u00e9ducation et de la recherche dans le domaine.\" \/>\n<meta property=\"og:url\" content=\"https:\/\/azrielifoundation.org\/fr\/stories\/des-etudiants-en-architecture-concoivent-larret-de-bus-israelien-du-futur\/\" \/>\n<meta property=\"og:site_name\" content=\"The Azrieli Foundation\" \/>\n<meta property=\"article:modified_time\" content=\"2025-01-08T19:44:02+00:00\" \/>\n<meta property=\"og:image\" content=\"https:\/\/azrielifoundation.org\/fr\/wp-content\/uploads\/2024\/07\/Studio1-1.png\" \/>\n\t<meta property=\"og:image:width\" content=\"950\" \/>\n\t<meta property=\"og:image:height\" content=\"628\" \/>\n\t<meta property=\"og:image:type\" content=\"image\/png\" \/>\n<meta name=\"twitter:card\" content=\"summary_large_image\" \/>\n<script type=\"application\/ld+json\" class=\"yoast-schema-graph\">{\"@context\":\"https:\\\/\\\/schema.org\",\"@graph\":[{\"@type\":\"WebPage\",\"@id\":\"https:\\\/\\\/azrielifoundation.org\\\/fr\\\/stories\\\/des-etudiants-en-architecture-concoivent-larret-de-bus-israelien-du-futur\\\/\",\"url\":\"https:\\\/\\\/azrielifoundation.org\\\/fr\\\/stories\\\/des-etudiants-en-architecture-concoivent-larret-de-bus-israelien-du-futur\\\/\",\"name\":\"Des \u00e9tudiants en architecture con\u00e7oivent l'arr\u00eat de bus isra\u00e9lien du futur - The Azrieli Foundation\",\"isPartOf\":{\"@id\":\"https:\\\/\\\/azrielifoundation.org\\\/fr\\\/#website\"},\"primaryImageOfPage\":{\"@id\":\"https:\\\/\\\/azrielifoundation.org\\\/fr\\\/stories\\\/des-etudiants-en-architecture-concoivent-larret-de-bus-israelien-du-futur\\\/#primaryimage\"},\"image\":{\"@id\":\"https:\\\/\\\/azrielifoundation.org\\\/fr\\\/stories\\\/des-etudiants-en-architecture-concoivent-larret-de-bus-israelien-du-futur\\\/#primaryimage\"},\"thumbnailUrl\":\"https:\\\/\\\/azrielifoundation.org\\\/fr\\\/wp-content\\\/uploads\\\/2024\\\/07\\\/Studio1-1.png\",\"datePublished\":\"2024-07-15T10:00:58+00:00\",\"dateModified\":\"2025-01-08T19:44:02+00:00\",\"description\":\"Dirig\u00e9 par l'architecte Gili Shapira, le Centre s'appuie sur l'h\u00e9ritage de la Fondation Azrieli en mati\u00e8re de promotion de l'\u00e9ducation et de la recherche dans le domaine.\",\"breadcrumb\":{\"@id\":\"https:\\\/\\\/azrielifoundation.org\\\/fr\\\/stories\\\/des-etudiants-en-architecture-concoivent-larret-de-bus-israelien-du-futur\\\/#breadcrumb\"},\"inLanguage\":\"en-US\",\"potentialAction\":[{\"@type\":\"ReadAction\",\"target\":[\"https:\\\/\\\/azrielifoundation.org\\\/fr\\\/stories\\\/des-etudiants-en-architecture-concoivent-larret-de-bus-israelien-du-futur\\\/\"]}]},{\"@type\":\"ImageObject\",\"inLanguage\":\"en-US\",\"@id\":\"https:\\\/\\\/azrielifoundation.org\\\/fr\\\/stories\\\/des-etudiants-en-architecture-concoivent-larret-de-bus-israelien-du-futur\\\/#primaryimage\",\"url\":\"https:\\\/\\\/azrielifoundation.org\\\/fr\\\/wp-content\\\/uploads\\\/2024\\\/07\\\/Studio1-1.png\",\"contentUrl\":\"https:\\\/\\\/azrielifoundation.org\\\/fr\\\/wp-content\\\/uploads\\\/2024\\\/07\\\/Studio1-1.png\",\"width\":950,\"height\":628},{\"@type\":\"BreadcrumbList\",\"@id\":\"https:\\\/\\\/azrielifoundation.org\\\/fr\\\/stories\\\/des-etudiants-en-architecture-concoivent-larret-de-bus-israelien-du-futur\\\/#breadcrumb\",\"itemListElement\":[{\"@type\":\"ListItem\",\"position\":1,\"name\":\"Home\",\"item\":\"https:\\\/\\\/azrielifoundation.org\\\/fr\\\/\"},{\"@type\":\"ListItem\",\"position\":2,\"name\":\"Des \u00e9tudiants en architecture con\u00e7oivent l&#8217;arr\u00eat de bus isra\u00e9lien du futur\"}]},{\"@type\":\"WebSite\",\"@id\":\"https:\\\/\\\/azrielifoundation.org\\\/fr\\\/#website\",\"url\":\"https:\\\/\\\/azrielifoundation.org\\\/fr\\\/\",\"name\":\"The Azrieli Foundation\",\"description\":\"\",\"potentialAction\":[{\"@type\":\"SearchAction\",\"target\":{\"@type\":\"EntryPoint\",\"urlTemplate\":\"https:\\\/\\\/azrielifoundation.org\\\/fr\\\/?s={search_term_string}\"},\"query-input\":{\"@type\":\"PropertyValueSpecification\",\"valueRequired\":true,\"valueName\":\"search_term_string\"}}],\"inLanguage\":\"en-US\"}]}<\/script>\n<!-- \/ Yoast SEO plugin. -->","yoast_head_json":{"title":"Des \u00e9tudiants en architecture con\u00e7oivent l'arr\u00eat de bus isra\u00e9lien du futur - The Azrieli Foundation","description":"Dirig\u00e9 par l'architecte Gili Shapira, le Centre s'appuie sur l'h\u00e9ritage de la Fondation Azrieli en mati\u00e8re de promotion de l'\u00e9ducation et de la recherche dans le domaine.","robots":{"index":"index","follow":"follow","max-snippet":"max-snippet:-1","max-image-preview":"max-image-preview:large","max-video-preview":"max-video-preview:-1"},"canonical":"https:\/\/azrielifoundation.org\/fr\/stories\/des-etudiants-en-architecture-concoivent-larret-de-bus-israelien-du-futur\/","og_locale":"en_US","og_type":"article","og_title":"Des \u00e9tudiants en architecture con\u00e7oivent l'arr\u00eat de bus isra\u00e9lien du futur - The Azrieli Foundation","og_description":"Dirig\u00e9 par l'architecte Gili Shapira, le Centre s'appuie sur l'h\u00e9ritage de la Fondation Azrieli en mati\u00e8re de promotion de l'\u00e9ducation et de la recherche dans le domaine.","og_url":"https:\/\/azrielifoundation.org\/fr\/stories\/des-etudiants-en-architecture-concoivent-larret-de-bus-israelien-du-futur\/","og_site_name":"The Azrieli Foundation","article_modified_time":"2025-01-08T19:44:02+00:00","og_image":[{"width":950,"height":628,"url":"https:\/\/azrielifoundation.org\/fr\/wp-content\/uploads\/2024\/07\/Studio1-1.png","type":"image\/png"}],"twitter_card":"summary_large_image","schema":{"@context":"https:\/\/schema.org","@graph":[{"@type":"WebPage","@id":"https:\/\/azrielifoundation.org\/fr\/stories\/des-etudiants-en-architecture-concoivent-larret-de-bus-israelien-du-futur\/","url":"https:\/\/azrielifoundation.org\/fr\/stories\/des-etudiants-en-architecture-concoivent-larret-de-bus-israelien-du-futur\/","name":"Des \u00e9tudiants en architecture con\u00e7oivent l'arr\u00eat de bus isra\u00e9lien du futur - The Azrieli Foundation","isPartOf":{"@id":"https:\/\/azrielifoundation.org\/fr\/#website"},"primaryImageOfPage":{"@id":"https:\/\/azrielifoundation.org\/fr\/stories\/des-etudiants-en-architecture-concoivent-larret-de-bus-israelien-du-futur\/#primaryimage"},"image":{"@id":"https:\/\/azrielifoundation.org\/fr\/stories\/des-etudiants-en-architecture-concoivent-larret-de-bus-israelien-du-futur\/#primaryimage"},"thumbnailUrl":"https:\/\/azrielifoundation.org\/fr\/wp-content\/uploads\/2024\/07\/Studio1-1.png","datePublished":"2024-07-15T10:00:58+00:00","dateModified":"2025-01-08T19:44:02+00:00","description":"Dirig\u00e9 par l'architecte Gili Shapira, le Centre s'appuie sur l'h\u00e9ritage de la Fondation Azrieli en mati\u00e8re de promotion de l'\u00e9ducation et de la recherche dans le domaine.","breadcrumb":{"@id":"https:\/\/azrielifoundation.org\/fr\/stories\/des-etudiants-en-architecture-concoivent-larret-de-bus-israelien-du-futur\/#breadcrumb"},"inLanguage":"en-US","potentialAction":[{"@type":"ReadAction","target":["https:\/\/azrielifoundation.org\/fr\/stories\/des-etudiants-en-architecture-concoivent-larret-de-bus-israelien-du-futur\/"]}]},{"@type":"ImageObject","inLanguage":"en-US","@id":"https:\/\/azrielifoundation.org\/fr\/stories\/des-etudiants-en-architecture-concoivent-larret-de-bus-israelien-du-futur\/#primaryimage","url":"https:\/\/azrielifoundation.org\/fr\/wp-content\/uploads\/2024\/07\/Studio1-1.png","contentUrl":"https:\/\/azrielifoundation.org\/fr\/wp-content\/uploads\/2024\/07\/Studio1-1.png","width":950,"height":628},{"@type":"BreadcrumbList","@id":"https:\/\/azrielifoundation.org\/fr\/stories\/des-etudiants-en-architecture-concoivent-larret-de-bus-israelien-du-futur\/#breadcrumb","itemListElement":[{"@type":"ListItem","position":1,"name":"Home","item":"https:\/\/azrielifoundation.org\/fr\/"},{"@type":"ListItem","position":2,"name":"Des \u00e9tudiants en architecture con\u00e7oivent l&#8217;arr\u00eat de bus isra\u00e9lien du futur"}]},{"@type":"WebSite","@id":"https:\/\/azrielifoundation.org\/fr\/#website","url":"https:\/\/azrielifoundation.org\/fr\/","name":"The Azrieli Foundation","description":"","potentialAction":[{"@type":"SearchAction","target":{"@type":"EntryPoint","urlTemplate":"https:\/\/azrielifoundation.org\/fr\/?s={search_term_string}"},"query-input":{"@type":"PropertyValueSpecification","valueRequired":true,"valueName":"search_term_string"}}],"inLanguage":"en-US"}]}},"_links":{"self":[{"href":"https:\/\/azrielifoundation.org\/fr\/wp-json\/wp\/v2\/stories\/69089","targetHints":{"allow":["GET"]}}],"collection":[{"href":"https:\/\/azrielifoundation.org\/fr\/wp-json\/wp\/v2\/stories"}],"about":[{"href":"https:\/\/azrielifoundation.org\/fr\/wp-json\/wp\/v2\/types\/stories"}],"replies":[{"embeddable":true,"href":"https:\/\/azrielifoundation.org\/fr\/wp-json\/wp\/v2\/comments?post=69089"}],"version-history":[{"count":2,"href":"https:\/\/azrielifoundation.org\/fr\/wp-json\/wp\/v2\/stories\/69089\/revisions"}],"predecessor-version":[{"id":69092,"href":"https:\/\/azrielifoundation.org\/fr\/wp-json\/wp\/v2\/stories\/69089\/revisions\/69092"}],"wp:featuredmedia":[{"embeddable":true,"href":"https:\/\/azrielifoundation.org\/fr\/wp-json\/wp\/v2\/media\/70432"}],"wp:attachment":[{"href":"https:\/\/azrielifoundation.org\/fr\/wp-json\/wp\/v2\/media?parent=69089"}],"wp:term":[{"taxonomy":"post_tag","embeddable":true,"href":"https:\/\/azrielifoundation.org\/fr\/wp-json\/wp\/v2\/tags?post=69089"},{"taxonomy":"stories_entries","embeddable":true,"href":"https:\/\/azrielifoundation.org\/fr\/wp-json\/wp\/v2\/stories_entries?post=69089"}],"curies":[{"name":"wp","href":"https:\/\/api.w.org\/{rel}","templated":true}]}}