{"id":68553,"date":"2023-12-06T12:27:14","date_gmt":"2023-12-06T12:27:14","guid":{"rendered":"https:\/\/theazrielifoundationfr.kinsta.cloud\/?post_type=stories&#038;p=68553"},"modified":"2023-12-06T20:25:46","modified_gmt":"2023-12-06T20:25:46","slug":"se-mobiliser-pour-renforcer-la-capacite-mondiale","status":"publish","type":"stories","link":"https:\/\/azrielifoundation.org\/fr\/stories\/se-mobiliser-pour-renforcer-la-capacite-mondiale\/","title":{"rendered":"Se mobiliser pour renforcer la capacit\u00e9 mondiale"},"content":{"rendered":"<h2>La Fondation Azrieli, le Centre de recherches pour le d\u00e9veloppement international (CRDI) du Canada, les Instituts de recherche en sant\u00e9 du Canada et la Fondation isra\u00e9lienne des sciences font front commun pour soutenir la recherche novatrice dans les domaines de la biom\u00e9decine et de la sant\u00e9 \u00e0 l\u2019\u00e9chelle mondiale.<\/h2>\n<p>\u00ab Ces quatre agences, qui poss\u00e8dent des mandats distincts, ont mobilis\u00e9 leurs efforts pour concevoir et appuyer un programme de recherche sur la sant\u00e9 qui conna\u00eet beaucoup de succ\u00e8s \u00bb, explique Fabiano Santos, sp\u00e9cialiste principal des programmes pour la sant\u00e9 mondiale au <a href=\"https:\/\/idrc-crdi.ca\/fr\" target=\"_blank\" rel=\"noopener\">CRDI<\/a>.<\/p>\n<p>Le <a href=\"https:\/\/idrc-crdi.ca\/fr\/initiative\/programme-conjoint-canado-israelien-de-recherche-en-sante-0\" target=\"_blank\" rel=\"noopener\">Programme conjoint canado-isra\u00e9lien de recherche en sant\u00e9<\/a> fait la promotion de l\u2019excellence scientifique en finan\u00e7ant des projets dirig\u00e9s par des chercheurs au Canada, en Isra\u00ebl et dans des pays \u00e0 revenu faible et moyen qui, autrement, n\u2019auraient pas l\u2019occasion de collaborer ainsi. Le Programme conjoint permet \u00e9galement \u00e0 des stagiaires et de futurs chefs de file du monde de la recherche de voyager, de r\u00e9seauter et d\u2019\u00e9changer entre ces divers pays et de faire profiter leur propre pays de l\u2019exp\u00e9rience acquise \u00e0 l\u2019\u00e9chelle internationale.<\/p>\n<p>La Fondation Azrieli a offert son soutien financier \u00e0 la premi\u00e8re phase du programme (de 2015 \u00e0 2022) et s\u2019est maintenant engag\u00e9e \u00e0 octroyer des fonds envers la seconde phase.<\/p>\n<p>Le Programme conjoint a r\u00e9cemment accord\u00e9 une subvention \u00e0 un groupe qui comprend une \u00e9quipe de recherche n\u00e9palaise, laquelle explore la plasticit\u00e9 neuronale tout en formulant des protocoles de formation \u00e0 l\u2019intention des personnes qui ont partiellement perdu la vue en raison de c\u00e9cit\u00e9 corticale (projet men\u00e9 en partenariat avec des chercheurs de l\u2019Universit\u00e9 McGill et de l\u2019Universit\u00e9 h\u00e9bra\u00efque de J\u00e9rusalem). Une autre subvention a \u00e9t\u00e9 octroy\u00e9e \u00e0 une \u00e9quipe de recherche turque qui se penche sur les facteurs de progression de la st\u00e9atose h\u00e9patique (projet men\u00e9 en partenariat avec des chercheurs de l\u2019Institut de recherches cliniques de Montr\u00e9al et du Centre m\u00e9dical Hadassah). Enfin, une \u00e9quipe tha\u00eflandaise examine la mani\u00e8re dont la flore intestinale affecte le d\u00e9veloppement des troubles m\u00e9taboliques (projet men\u00e9 en partenariat avec des chercheurs de l\u2019Universit\u00e9 York et de l\u2019Institut de technologie Technion-Isra\u00ebl).<\/p>\n<p>D\u2019avoir pu assister en 2019 \u00e0 un symposium organis\u00e9 par l\u2019\u00e9quipe de recherche locale \u00e0 Katmandou \u00e9tait \u00ab un de ces moments o\u00f9 j\u2019ai pu voir l\u2019impact de ce programme \u00bb, se souvient Dr Santos. \u00ab Pour la premi\u00e8re fois, l\u2019h\u00f4pital de l\u2019\u00e9quipe n\u00e9palaise avait cr\u00e9\u00e9 un laboratoire pour mener des recherches sur certains concepts neuroscientifiques fondamentaux, soumis \u00e0 des essais au banc en vue d\u2019applications cliniques potentielles. Je suis inspir\u00e9 par la vision et l\u2019engagement des quatre agences qui l\u2019ont mis en place, et par les r\u00e9sultats potentiels \u00e0 long terme du programme. \u00bb<\/p>\n","protected":false},"excerpt":{"rendered":"<p>La Fondation Azrieli, le Centre de recherches pour le d\u00e9veloppement international (CRDI) du Canada, les Instituts de recherche en sant\u00e9 du Canada et la Fondation isra\u00e9lienne des sciences font front commun pour soutenir la recherche novatrice dans les domaines de la biom\u00e9decine et de la sant\u00e9 \u00e0 l\u2019\u00e9chelle mondiale. \u00ab Ces quatre agences, qui poss\u00e8dent [&hellip;]<\/p>\n","protected":false},"featured_media":68441,"comment_status":"open","ping_status":"closed","template":"","tags":[],"stories_entries":[],"class_list":["post-68553","stories","type-stories","status-publish","has-post-thumbnail","hentry"],"acf":[],"yoast_head":"<!-- This site is optimized with the Yoast SEO plugin v27.3 - https:\/\/yoast.com\/product\/yoast-seo-wordpress\/ -->\n<title>Se mobiliser pour renforcer la capacit\u00e9 mondiale - The Azrieli Foundation<\/title>\n<meta name=\"robots\" content=\"index, follow, max-snippet:-1, max-image-preview:large, max-video-preview:-1\" \/>\n<link rel=\"canonical\" href=\"https:\/\/azrielifoundation.org\/fr\/stories\/se-mobiliser-pour-renforcer-la-capacite-mondiale\/\" \/>\n<meta property=\"og:locale\" content=\"en_US\" \/>\n<meta property=\"og:type\" content=\"article\" \/>\n<meta property=\"og:title\" content=\"Se mobiliser pour renforcer la capacit\u00e9 mondiale - The Azrieli Foundation\" \/>\n<meta property=\"og:description\" content=\"La Fondation Azrieli, le Centre de recherches pour le d\u00e9veloppement international (CRDI) du Canada, les Instituts de recherche en sant\u00e9 du Canada et la Fondation isra\u00e9lienne des sciences font front commun pour soutenir la recherche novatrice dans les domaines de la biom\u00e9decine et de la sant\u00e9 \u00e0 l\u2019\u00e9chelle mondiale. \u00ab Ces quatre agences, qui poss\u00e8dent [&hellip;]\" \/>\n<meta property=\"og:url\" content=\"https:\/\/azrielifoundation.org\/fr\/stories\/se-mobiliser-pour-renforcer-la-capacite-mondiale\/\" \/>\n<meta property=\"og:site_name\" content=\"The Azrieli Foundation\" \/>\n<meta property=\"article:modified_time\" content=\"2023-12-06T20:25:46+00:00\" \/>\n<meta property=\"og:image\" content=\"https:\/\/azrielifoundation.org\/fr\/wp-content\/uploads\/2023\/09\/67985cc8-10e5-416f-be5a-77b85f8f9874-e1695149008169.jpeg\" \/>\n\t<meta property=\"og:image:width\" content=\"1200\" \/>\n\t<meta property=\"og:image:height\" content=\"628\" \/>\n\t<meta property=\"og:image:type\" content=\"image\/jpeg\" \/>\n<meta name=\"twitter:card\" content=\"summary_large_image\" \/>\n<meta name=\"twitter:label1\" content=\"Est. reading time\" \/>\n\t<meta name=\"twitter:data1\" content=\"2 minutes\" \/>\n<script type=\"application\/ld+json\" class=\"yoast-schema-graph\">{\"@context\":\"https:\\\/\\\/schema.org\",\"@graph\":[{\"@type\":\"WebPage\",\"@id\":\"https:\\\/\\\/azrielifoundation.org\\\/fr\\\/stories\\\/se-mobiliser-pour-renforcer-la-capacite-mondiale\\\/\",\"url\":\"https:\\\/\\\/azrielifoundation.org\\\/fr\\\/stories\\\/se-mobiliser-pour-renforcer-la-capacite-mondiale\\\/\",\"name\":\"Se mobiliser pour renforcer la capacit\u00e9 mondiale - The Azrieli Foundation\",\"isPartOf\":{\"@id\":\"https:\\\/\\\/azrielifoundation.org\\\/fr\\\/#website\"},\"primaryImageOfPage\":{\"@id\":\"https:\\\/\\\/azrielifoundation.org\\\/fr\\\/stories\\\/se-mobiliser-pour-renforcer-la-capacite-mondiale\\\/#primaryimage\"},\"image\":{\"@id\":\"https:\\\/\\\/azrielifoundation.org\\\/fr\\\/stories\\\/se-mobiliser-pour-renforcer-la-capacite-mondiale\\\/#primaryimage\"},\"thumbnailUrl\":\"https:\\\/\\\/azrielifoundation.org\\\/fr\\\/wp-content\\\/uploads\\\/2023\\\/09\\\/67985cc8-10e5-416f-be5a-77b85f8f9874-e1695149008169.jpeg\",\"datePublished\":\"2023-12-06T12:27:14+00:00\",\"dateModified\":\"2023-12-06T20:25:46+00:00\",\"breadcrumb\":{\"@id\":\"https:\\\/\\\/azrielifoundation.org\\\/fr\\\/stories\\\/se-mobiliser-pour-renforcer-la-capacite-mondiale\\\/#breadcrumb\"},\"inLanguage\":\"en-US\",\"potentialAction\":[{\"@type\":\"ReadAction\",\"target\":[\"https:\\\/\\\/azrielifoundation.org\\\/fr\\\/stories\\\/se-mobiliser-pour-renforcer-la-capacite-mondiale\\\/\"]}]},{\"@type\":\"ImageObject\",\"inLanguage\":\"en-US\",\"@id\":\"https:\\\/\\\/azrielifoundation.org\\\/fr\\\/stories\\\/se-mobiliser-pour-renforcer-la-capacite-mondiale\\\/#primaryimage\",\"url\":\"https:\\\/\\\/azrielifoundation.org\\\/fr\\\/wp-content\\\/uploads\\\/2023\\\/09\\\/67985cc8-10e5-416f-be5a-77b85f8f9874-e1695149008169.jpeg\",\"contentUrl\":\"https:\\\/\\\/azrielifoundation.org\\\/fr\\\/wp-content\\\/uploads\\\/2023\\\/09\\\/67985cc8-10e5-416f-be5a-77b85f8f9874-e1695149008169.jpeg\",\"width\":1200,\"height\":628,\"caption\":\"Photo: Sivaporn Wannaiampikul\"},{\"@type\":\"BreadcrumbList\",\"@id\":\"https:\\\/\\\/azrielifoundation.org\\\/fr\\\/stories\\\/se-mobiliser-pour-renforcer-la-capacite-mondiale\\\/#breadcrumb\",\"itemListElement\":[{\"@type\":\"ListItem\",\"position\":1,\"name\":\"Home\",\"item\":\"https:\\\/\\\/azrielifoundation.org\\\/fr\\\/\"},{\"@type\":\"ListItem\",\"position\":2,\"name\":\"Se mobiliser pour renforcer la capacit\u00e9 mondiale\"}]},{\"@type\":\"WebSite\",\"@id\":\"https:\\\/\\\/azrielifoundation.org\\\/fr\\\/#website\",\"url\":\"https:\\\/\\\/azrielifoundation.org\\\/fr\\\/\",\"name\":\"The Azrieli Foundation\",\"description\":\"\",\"potentialAction\":[{\"@type\":\"SearchAction\",\"target\":{\"@type\":\"EntryPoint\",\"urlTemplate\":\"https:\\\/\\\/azrielifoundation.org\\\/fr\\\/?s={search_term_string}\"},\"query-input\":{\"@type\":\"PropertyValueSpecification\",\"valueRequired\":true,\"valueName\":\"search_term_string\"}}],\"inLanguage\":\"en-US\"}]}<\/script>\n<!-- \/ Yoast SEO plugin. -->","yoast_head_json":{"title":"Se mobiliser pour renforcer la capacit\u00e9 mondiale - The Azrieli Foundation","robots":{"index":"index","follow":"follow","max-snippet":"max-snippet:-1","max-image-preview":"max-image-preview:large","max-video-preview":"max-video-preview:-1"},"canonical":"https:\/\/azrielifoundation.org\/fr\/stories\/se-mobiliser-pour-renforcer-la-capacite-mondiale\/","og_locale":"en_US","og_type":"article","og_title":"Se mobiliser pour renforcer la capacit\u00e9 mondiale - The Azrieli Foundation","og_description":"La Fondation Azrieli, le Centre de recherches pour le d\u00e9veloppement international (CRDI) du Canada, les Instituts de recherche en sant\u00e9 du Canada et la Fondation isra\u00e9lienne des sciences font front commun pour soutenir la recherche novatrice dans les domaines de la biom\u00e9decine et de la sant\u00e9 \u00e0 l\u2019\u00e9chelle mondiale. \u00ab Ces quatre agences, qui poss\u00e8dent [&hellip;]","og_url":"https:\/\/azrielifoundation.org\/fr\/stories\/se-mobiliser-pour-renforcer-la-capacite-mondiale\/","og_site_name":"The Azrieli Foundation","article_modified_time":"2023-12-06T20:25:46+00:00","og_image":[{"width":1200,"height":628,"url":"https:\/\/azrielifoundation.org\/fr\/wp-content\/uploads\/2023\/09\/67985cc8-10e5-416f-be5a-77b85f8f9874-e1695149008169.jpeg","type":"image\/jpeg"}],"twitter_card":"summary_large_image","twitter_misc":{"Est. reading time":"2 minutes"},"schema":{"@context":"https:\/\/schema.org","@graph":[{"@type":"WebPage","@id":"https:\/\/azrielifoundation.org\/fr\/stories\/se-mobiliser-pour-renforcer-la-capacite-mondiale\/","url":"https:\/\/azrielifoundation.org\/fr\/stories\/se-mobiliser-pour-renforcer-la-capacite-mondiale\/","name":"Se mobiliser pour renforcer la capacit\u00e9 mondiale - The Azrieli Foundation","isPartOf":{"@id":"https:\/\/azrielifoundation.org\/fr\/#website"},"primaryImageOfPage":{"@id":"https:\/\/azrielifoundation.org\/fr\/stories\/se-mobiliser-pour-renforcer-la-capacite-mondiale\/#primaryimage"},"image":{"@id":"https:\/\/azrielifoundation.org\/fr\/stories\/se-mobiliser-pour-renforcer-la-capacite-mondiale\/#primaryimage"},"thumbnailUrl":"https:\/\/azrielifoundation.org\/fr\/wp-content\/uploads\/2023\/09\/67985cc8-10e5-416f-be5a-77b85f8f9874-e1695149008169.jpeg","datePublished":"2023-12-06T12:27:14+00:00","dateModified":"2023-12-06T20:25:46+00:00","breadcrumb":{"@id":"https:\/\/azrielifoundation.org\/fr\/stories\/se-mobiliser-pour-renforcer-la-capacite-mondiale\/#breadcrumb"},"inLanguage":"en-US","potentialAction":[{"@type":"ReadAction","target":["https:\/\/azrielifoundation.org\/fr\/stories\/se-mobiliser-pour-renforcer-la-capacite-mondiale\/"]}]},{"@type":"ImageObject","inLanguage":"en-US","@id":"https:\/\/azrielifoundation.org\/fr\/stories\/se-mobiliser-pour-renforcer-la-capacite-mondiale\/#primaryimage","url":"https:\/\/azrielifoundation.org\/fr\/wp-content\/uploads\/2023\/09\/67985cc8-10e5-416f-be5a-77b85f8f9874-e1695149008169.jpeg","contentUrl":"https:\/\/azrielifoundation.org\/fr\/wp-content\/uploads\/2023\/09\/67985cc8-10e5-416f-be5a-77b85f8f9874-e1695149008169.jpeg","width":1200,"height":628,"caption":"Photo: Sivaporn Wannaiampikul"},{"@type":"BreadcrumbList","@id":"https:\/\/azrielifoundation.org\/fr\/stories\/se-mobiliser-pour-renforcer-la-capacite-mondiale\/#breadcrumb","itemListElement":[{"@type":"ListItem","position":1,"name":"Home","item":"https:\/\/azrielifoundation.org\/fr\/"},{"@type":"ListItem","position":2,"name":"Se mobiliser pour renforcer la capacit\u00e9 mondiale"}]},{"@type":"WebSite","@id":"https:\/\/azrielifoundation.org\/fr\/#website","url":"https:\/\/azrielifoundation.org\/fr\/","name":"The Azrieli Foundation","description":"","potentialAction":[{"@type":"SearchAction","target":{"@type":"EntryPoint","urlTemplate":"https:\/\/azrielifoundation.org\/fr\/?s={search_term_string}"},"query-input":{"@type":"PropertyValueSpecification","valueRequired":true,"valueName":"search_term_string"}}],"inLanguage":"en-US"}]}},"_links":{"self":[{"href":"https:\/\/azrielifoundation.org\/fr\/wp-json\/wp\/v2\/stories\/68553","targetHints":{"allow":["GET"]}}],"collection":[{"href":"https:\/\/azrielifoundation.org\/fr\/wp-json\/wp\/v2\/stories"}],"about":[{"href":"https:\/\/azrielifoundation.org\/fr\/wp-json\/wp\/v2\/types\/stories"}],"replies":[{"embeddable":true,"href":"https:\/\/azrielifoundation.org\/fr\/wp-json\/wp\/v2\/comments?post=68553"}],"version-history":[{"count":5,"href":"https:\/\/azrielifoundation.org\/fr\/wp-json\/wp\/v2\/stories\/68553\/revisions"}],"predecessor-version":[{"id":68860,"href":"https:\/\/azrielifoundation.org\/fr\/wp-json\/wp\/v2\/stories\/68553\/revisions\/68860"}],"wp:featuredmedia":[{"embeddable":true,"href":"https:\/\/azrielifoundation.org\/fr\/wp-json\/wp\/v2\/media\/68441"}],"wp:attachment":[{"href":"https:\/\/azrielifoundation.org\/fr\/wp-json\/wp\/v2\/media?parent=68553"}],"wp:term":[{"taxonomy":"post_tag","embeddable":true,"href":"https:\/\/azrielifoundation.org\/fr\/wp-json\/wp\/v2\/tags?post=68553"},{"taxonomy":"stories_entries","embeddable":true,"href":"https:\/\/azrielifoundation.org\/fr\/wp-json\/wp\/v2\/stories_entries?post=68553"}],"curies":[{"name":"wp","href":"https:\/\/api.w.org\/{rel}","templated":true}]}}