{"id":68516,"date":"2023-12-06T12:21:50","date_gmt":"2023-12-06T12:21:50","guid":{"rendered":"https:\/\/theazrielifoundationfr.kinsta.cloud\/?post_type=stories&#038;p=68516"},"modified":"2023-12-06T20:26:45","modified_gmt":"2023-12-06T20:26:45","slug":"une-recolte-de-debouches-professionnels-pour-les-personnes-neurodivergentes","status":"publish","type":"stories","link":"https:\/\/azrielifoundation.org\/fr\/stories\/une-recolte-de-debouches-professionnels-pour-les-personnes-neurodivergentes\/","title":{"rendered":"Une r\u00e9colte de d\u00e9bouch\u00e9s professionnels pour les personnes neurodivergentes"},"content":{"rendered":"<h2>Construisez-la et ils viendront. De mani\u00e8re providentielle, c\u2019est pr\u00e9cis\u00e9ment ce qui est arriv\u00e9 \u00e0 Fred Winegust apr\u00e8s l\u2019ouverture de <a href=\"https:\/\/www.reena.org\/rcf\/\" target=\"_blank\" rel=\"noopener\">Reena Community Farm<\/a>, un volet de l\u2019initiative GReena.<\/h2>\n<p>Cela a commenc\u00e9 en 2021, par une subvention gouvernementale envers un projet pilote visant \u00e0 installer des conteneurs \u00e0 l\u2019ext\u00e9rieur, destin\u00e9s \u00e0 cultiver des l\u00e9gumes.<\/p>\n<p>\u00ab Notre premi\u00e8re ann\u00e9e a \u00e9t\u00e9 excellente, et nous avons commenc\u00e9 \u00e0 voir le potentiel de cultiver de la nourriture et d\u2019employer des personnes neurodivergentes \u00bb, explique Winegust, responsable des initiatives chez GReena.<\/p>\n<p>Cette ferme en milieu urbain a ouvert la voie \u00e0 d\u2019autres possibilit\u00e9s chez <a href=\"https:\/\/www.reena.org\/\" target=\"_blank\" rel=\"noopener\">Reena<\/a>, une agence \u00e0 but non lucratif qui appuie plus de 1 000 personnes neurodivergentes<br \/>\ndans 30 r\u00e9sidences de la r\u00e9gion torontoise.<\/p>\n<p>\u00ab L\u2019initiative GReena, ce n\u2019est pas simplement une question de nourriture \u00bb, pr\u00e9cise Bryan Keshen, PDG de Reena. \u00ab \u00c7a s\u2019inscrit dans nos efforts envers la durabilit\u00e9. \u00bb<\/p>\n<p>Du financement additionnel de la Fondation Azrieli a permis d\u2019ouvrir une vaste ferme en 2022, o\u00f9 huit \u00e9l\u00e8ves ayant des d\u00e9ficiences d\u00e9veloppementales pouvaient travailler, recevoir un salaire \u00e9quitable et apprendre des comp\u00e9tences comme l\u2019arrosage, le tuteurage et la cueillette. Des bo\u00eetes de tomates, de courgettes, de courges, de poivrons, de persil, de sauge et de thym \u00e9taient ensuite achemin\u00e9es aux foyers de groupes et aux r\u00e9sidences communautaires Reena. Les aliments \u00e9taient aussi vendus \u00e0 des restaurants ou donn\u00e9s \u00e0 une banque alimentaire locale.<\/p>\n<p>\u00ab Cette r\u00e9ussite nous a inspir\u00e9s \u00e0 imaginer une vision plus ambitieuse pour la ferme, quelque chose que nous exploiterions \u00e0 longueur d\u2019ann\u00e9e, pas seulement \u00e0 l\u2019ext\u00e9rieur durant les mois plus chauds \u00bb, explique Winegust.<\/p>\n<p>Gr\u00e2ce \u00e0 du financement de la Fondation, c\u2019est exactement ce qu\u2019ils ont fait. En 2023, GReena exploitera 1 300 conteneurs, qui fourniront des l\u00e9gumes \u00e0 Reena et sept de ses partenaires communautaires.<\/p>\n<p>\u00ab C\u2019est incroyable ce qui peut se produire quand on vous donne les moyens de r\u00e9aliser votre vision et qu\u2019on vous aide \u00e0 la mettre en \u0153uvre \u00bb, dit Winegust. \u00ab La nourriture est la chose que tout le monde a en commun. On en a une merveilleuse preuve dans ce qu\u2019on cultive. \u00bb<\/p>\n","protected":false},"excerpt":{"rendered":"<p>Construisez-la et ils viendront. De mani\u00e8re providentielle, c\u2019est pr\u00e9cis\u00e9ment ce qui est arriv\u00e9 \u00e0 Fred Winegust apr\u00e8s l\u2019ouverture de Reena Community Farm, un volet de l\u2019initiative GReena. Cela a commenc\u00e9 en 2021, par une subvention gouvernementale envers un projet pilote visant \u00e0 installer des conteneurs \u00e0 l\u2019ext\u00e9rieur, destin\u00e9s \u00e0 cultiver des l\u00e9gumes. \u00ab Notre premi\u00e8re [&hellip;]<\/p>\n","protected":false},"featured_media":68447,"comment_status":"open","ping_status":"closed","template":"","tags":[],"stories_entries":[],"class_list":["post-68516","stories","type-stories","status-publish","has-post-thumbnail","hentry"],"acf":[],"yoast_head":"<!-- This site is optimized with the Yoast SEO plugin v27.3 - https:\/\/yoast.com\/product\/yoast-seo-wordpress\/ -->\n<title>Une r\u00e9colte de d\u00e9bouch\u00e9s professionnels pour les personnes neurodivergentes - The Azrieli Foundation<\/title>\n<meta name=\"robots\" content=\"index, follow, max-snippet:-1, max-image-preview:large, max-video-preview:-1\" \/>\n<link rel=\"canonical\" href=\"https:\/\/azrielifoundation.org\/fr\/stories\/une-recolte-de-debouches-professionnels-pour-les-personnes-neurodivergentes\/\" \/>\n<meta property=\"og:locale\" content=\"en_US\" \/>\n<meta property=\"og:type\" content=\"article\" \/>\n<meta property=\"og:title\" content=\"Une r\u00e9colte de d\u00e9bouch\u00e9s professionnels pour les personnes neurodivergentes - The Azrieli Foundation\" \/>\n<meta property=\"og:description\" content=\"Construisez-la et ils viendront. De mani\u00e8re providentielle, c\u2019est pr\u00e9cis\u00e9ment ce qui est arriv\u00e9 \u00e0 Fred Winegust apr\u00e8s l\u2019ouverture de Reena Community Farm, un volet de l\u2019initiative GReena. Cela a commenc\u00e9 en 2021, par une subvention gouvernementale envers un projet pilote visant \u00e0 installer des conteneurs \u00e0 l\u2019ext\u00e9rieur, destin\u00e9s \u00e0 cultiver des l\u00e9gumes. \u00ab Notre premi\u00e8re [&hellip;]\" \/>\n<meta property=\"og:url\" content=\"https:\/\/azrielifoundation.org\/fr\/stories\/une-recolte-de-debouches-professionnels-pour-les-personnes-neurodivergentes\/\" \/>\n<meta property=\"og:site_name\" content=\"The Azrieli Foundation\" \/>\n<meta property=\"article:modified_time\" content=\"2023-12-06T20:26:45+00:00\" \/>\n<meta property=\"og:image\" content=\"https:\/\/azrielifoundation.org\/fr\/wp-content\/uploads\/2023\/09\/d767d94e-a47e-4384-b699-5e4eccb97fae-e1695146619623.jpeg\" \/>\n\t<meta property=\"og:image:width\" content=\"1191\" \/>\n\t<meta property=\"og:image:height\" content=\"639\" \/>\n\t<meta property=\"og:image:type\" content=\"image\/jpeg\" \/>\n<meta name=\"twitter:card\" content=\"summary_large_image\" \/>\n<meta name=\"twitter:label1\" content=\"Est. reading time\" \/>\n\t<meta name=\"twitter:data1\" content=\"2 minutes\" \/>\n<script type=\"application\/ld+json\" class=\"yoast-schema-graph\">{\"@context\":\"https:\\\/\\\/schema.org\",\"@graph\":[{\"@type\":\"WebPage\",\"@id\":\"https:\\\/\\\/azrielifoundation.org\\\/fr\\\/stories\\\/une-recolte-de-debouches-professionnels-pour-les-personnes-neurodivergentes\\\/\",\"url\":\"https:\\\/\\\/azrielifoundation.org\\\/fr\\\/stories\\\/une-recolte-de-debouches-professionnels-pour-les-personnes-neurodivergentes\\\/\",\"name\":\"Une r\u00e9colte de d\u00e9bouch\u00e9s professionnels pour les personnes neurodivergentes - The Azrieli Foundation\",\"isPartOf\":{\"@id\":\"https:\\\/\\\/azrielifoundation.org\\\/fr\\\/#website\"},\"primaryImageOfPage\":{\"@id\":\"https:\\\/\\\/azrielifoundation.org\\\/fr\\\/stories\\\/une-recolte-de-debouches-professionnels-pour-les-personnes-neurodivergentes\\\/#primaryimage\"},\"image\":{\"@id\":\"https:\\\/\\\/azrielifoundation.org\\\/fr\\\/stories\\\/une-recolte-de-debouches-professionnels-pour-les-personnes-neurodivergentes\\\/#primaryimage\"},\"thumbnailUrl\":\"https:\\\/\\\/azrielifoundation.org\\\/fr\\\/wp-content\\\/uploads\\\/2023\\\/09\\\/d767d94e-a47e-4384-b699-5e4eccb97fae-e1695146619623.jpeg\",\"datePublished\":\"2023-12-06T12:21:50+00:00\",\"dateModified\":\"2023-12-06T20:26:45+00:00\",\"breadcrumb\":{\"@id\":\"https:\\\/\\\/azrielifoundation.org\\\/fr\\\/stories\\\/une-recolte-de-debouches-professionnels-pour-les-personnes-neurodivergentes\\\/#breadcrumb\"},\"inLanguage\":\"en-US\",\"potentialAction\":[{\"@type\":\"ReadAction\",\"target\":[\"https:\\\/\\\/azrielifoundation.org\\\/fr\\\/stories\\\/une-recolte-de-debouches-professionnels-pour-les-personnes-neurodivergentes\\\/\"]}]},{\"@type\":\"ImageObject\",\"inLanguage\":\"en-US\",\"@id\":\"https:\\\/\\\/azrielifoundation.org\\\/fr\\\/stories\\\/une-recolte-de-debouches-professionnels-pour-les-personnes-neurodivergentes\\\/#primaryimage\",\"url\":\"https:\\\/\\\/azrielifoundation.org\\\/fr\\\/wp-content\\\/uploads\\\/2023\\\/09\\\/d767d94e-a47e-4384-b699-5e4eccb97fae-e1695146619623.jpeg\",\"contentUrl\":\"https:\\\/\\\/azrielifoundation.org\\\/fr\\\/wp-content\\\/uploads\\\/2023\\\/09\\\/d767d94e-a47e-4384-b699-5e4eccb97fae-e1695146619623.jpeg\",\"width\":1191,\"height\":639,\"caption\":\"Photo gracieuset\u00e9 de GReena\"},{\"@type\":\"BreadcrumbList\",\"@id\":\"https:\\\/\\\/azrielifoundation.org\\\/fr\\\/stories\\\/une-recolte-de-debouches-professionnels-pour-les-personnes-neurodivergentes\\\/#breadcrumb\",\"itemListElement\":[{\"@type\":\"ListItem\",\"position\":1,\"name\":\"Home\",\"item\":\"https:\\\/\\\/azrielifoundation.org\\\/fr\\\/\"},{\"@type\":\"ListItem\",\"position\":2,\"name\":\"Une r\u00e9colte de d\u00e9bouch\u00e9s professionnels pour les personnes neurodivergentes\"}]},{\"@type\":\"WebSite\",\"@id\":\"https:\\\/\\\/azrielifoundation.org\\\/fr\\\/#website\",\"url\":\"https:\\\/\\\/azrielifoundation.org\\\/fr\\\/\",\"name\":\"The Azrieli Foundation\",\"description\":\"\",\"potentialAction\":[{\"@type\":\"SearchAction\",\"target\":{\"@type\":\"EntryPoint\",\"urlTemplate\":\"https:\\\/\\\/azrielifoundation.org\\\/fr\\\/?s={search_term_string}\"},\"query-input\":{\"@type\":\"PropertyValueSpecification\",\"valueRequired\":true,\"valueName\":\"search_term_string\"}}],\"inLanguage\":\"en-US\"}]}<\/script>\n<!-- \/ Yoast SEO plugin. -->","yoast_head_json":{"title":"Une r\u00e9colte de d\u00e9bouch\u00e9s professionnels pour les personnes neurodivergentes - The Azrieli Foundation","robots":{"index":"index","follow":"follow","max-snippet":"max-snippet:-1","max-image-preview":"max-image-preview:large","max-video-preview":"max-video-preview:-1"},"canonical":"https:\/\/azrielifoundation.org\/fr\/stories\/une-recolte-de-debouches-professionnels-pour-les-personnes-neurodivergentes\/","og_locale":"en_US","og_type":"article","og_title":"Une r\u00e9colte de d\u00e9bouch\u00e9s professionnels pour les personnes neurodivergentes - The Azrieli Foundation","og_description":"Construisez-la et ils viendront. De mani\u00e8re providentielle, c\u2019est pr\u00e9cis\u00e9ment ce qui est arriv\u00e9 \u00e0 Fred Winegust apr\u00e8s l\u2019ouverture de Reena Community Farm, un volet de l\u2019initiative GReena. Cela a commenc\u00e9 en 2021, par une subvention gouvernementale envers un projet pilote visant \u00e0 installer des conteneurs \u00e0 l\u2019ext\u00e9rieur, destin\u00e9s \u00e0 cultiver des l\u00e9gumes. \u00ab Notre premi\u00e8re [&hellip;]","og_url":"https:\/\/azrielifoundation.org\/fr\/stories\/une-recolte-de-debouches-professionnels-pour-les-personnes-neurodivergentes\/","og_site_name":"The Azrieli Foundation","article_modified_time":"2023-12-06T20:26:45+00:00","og_image":[{"width":1191,"height":639,"url":"https:\/\/azrielifoundation.org\/fr\/wp-content\/uploads\/2023\/09\/d767d94e-a47e-4384-b699-5e4eccb97fae-e1695146619623.jpeg","type":"image\/jpeg"}],"twitter_card":"summary_large_image","twitter_misc":{"Est. reading time":"2 minutes"},"schema":{"@context":"https:\/\/schema.org","@graph":[{"@type":"WebPage","@id":"https:\/\/azrielifoundation.org\/fr\/stories\/une-recolte-de-debouches-professionnels-pour-les-personnes-neurodivergentes\/","url":"https:\/\/azrielifoundation.org\/fr\/stories\/une-recolte-de-debouches-professionnels-pour-les-personnes-neurodivergentes\/","name":"Une r\u00e9colte de d\u00e9bouch\u00e9s professionnels pour les personnes neurodivergentes - The Azrieli Foundation","isPartOf":{"@id":"https:\/\/azrielifoundation.org\/fr\/#website"},"primaryImageOfPage":{"@id":"https:\/\/azrielifoundation.org\/fr\/stories\/une-recolte-de-debouches-professionnels-pour-les-personnes-neurodivergentes\/#primaryimage"},"image":{"@id":"https:\/\/azrielifoundation.org\/fr\/stories\/une-recolte-de-debouches-professionnels-pour-les-personnes-neurodivergentes\/#primaryimage"},"thumbnailUrl":"https:\/\/azrielifoundation.org\/fr\/wp-content\/uploads\/2023\/09\/d767d94e-a47e-4384-b699-5e4eccb97fae-e1695146619623.jpeg","datePublished":"2023-12-06T12:21:50+00:00","dateModified":"2023-12-06T20:26:45+00:00","breadcrumb":{"@id":"https:\/\/azrielifoundation.org\/fr\/stories\/une-recolte-de-debouches-professionnels-pour-les-personnes-neurodivergentes\/#breadcrumb"},"inLanguage":"en-US","potentialAction":[{"@type":"ReadAction","target":["https:\/\/azrielifoundation.org\/fr\/stories\/une-recolte-de-debouches-professionnels-pour-les-personnes-neurodivergentes\/"]}]},{"@type":"ImageObject","inLanguage":"en-US","@id":"https:\/\/azrielifoundation.org\/fr\/stories\/une-recolte-de-debouches-professionnels-pour-les-personnes-neurodivergentes\/#primaryimage","url":"https:\/\/azrielifoundation.org\/fr\/wp-content\/uploads\/2023\/09\/d767d94e-a47e-4384-b699-5e4eccb97fae-e1695146619623.jpeg","contentUrl":"https:\/\/azrielifoundation.org\/fr\/wp-content\/uploads\/2023\/09\/d767d94e-a47e-4384-b699-5e4eccb97fae-e1695146619623.jpeg","width":1191,"height":639,"caption":"Photo gracieuset\u00e9 de GReena"},{"@type":"BreadcrumbList","@id":"https:\/\/azrielifoundation.org\/fr\/stories\/une-recolte-de-debouches-professionnels-pour-les-personnes-neurodivergentes\/#breadcrumb","itemListElement":[{"@type":"ListItem","position":1,"name":"Home","item":"https:\/\/azrielifoundation.org\/fr\/"},{"@type":"ListItem","position":2,"name":"Une r\u00e9colte de d\u00e9bouch\u00e9s professionnels pour les personnes neurodivergentes"}]},{"@type":"WebSite","@id":"https:\/\/azrielifoundation.org\/fr\/#website","url":"https:\/\/azrielifoundation.org\/fr\/","name":"The Azrieli Foundation","description":"","potentialAction":[{"@type":"SearchAction","target":{"@type":"EntryPoint","urlTemplate":"https:\/\/azrielifoundation.org\/fr\/?s={search_term_string}"},"query-input":{"@type":"PropertyValueSpecification","valueRequired":true,"valueName":"search_term_string"}}],"inLanguage":"en-US"}]}},"_links":{"self":[{"href":"https:\/\/azrielifoundation.org\/fr\/wp-json\/wp\/v2\/stories\/68516","targetHints":{"allow":["GET"]}}],"collection":[{"href":"https:\/\/azrielifoundation.org\/fr\/wp-json\/wp\/v2\/stories"}],"about":[{"href":"https:\/\/azrielifoundation.org\/fr\/wp-json\/wp\/v2\/types\/stories"}],"replies":[{"embeddable":true,"href":"https:\/\/azrielifoundation.org\/fr\/wp-json\/wp\/v2\/comments?post=68516"}],"version-history":[{"count":4,"href":"https:\/\/azrielifoundation.org\/fr\/wp-json\/wp\/v2\/stories\/68516\/revisions"}],"predecessor-version":[{"id":68866,"href":"https:\/\/azrielifoundation.org\/fr\/wp-json\/wp\/v2\/stories\/68516\/revisions\/68866"}],"wp:featuredmedia":[{"embeddable":true,"href":"https:\/\/azrielifoundation.org\/fr\/wp-json\/wp\/v2\/media\/68447"}],"wp:attachment":[{"href":"https:\/\/azrielifoundation.org\/fr\/wp-json\/wp\/v2\/media?parent=68516"}],"wp:term":[{"taxonomy":"post_tag","embeddable":true,"href":"https:\/\/azrielifoundation.org\/fr\/wp-json\/wp\/v2\/tags?post=68516"},{"taxonomy":"stories_entries","embeddable":true,"href":"https:\/\/azrielifoundation.org\/fr\/wp-json\/wp\/v2\/stories_entries?post=68516"}],"curies":[{"name":"wp","href":"https:\/\/api.w.org\/{rel}","templated":true}]}}