{"id":68486,"date":"2023-12-06T12:16:53","date_gmt":"2023-12-06T12:16:53","guid":{"rendered":"https:\/\/theazrielifoundationfr.kinsta.cloud\/?post_type=stories&#038;p=68486"},"modified":"2023-12-06T20:29:00","modified_gmt":"2023-12-06T20:29:00","slug":"limpact-significatif-des-camps-dete-juifs","status":"publish","type":"stories","link":"https:\/\/azrielifoundation.org\/fr\/stories\/limpact-significatif-des-camps-dete-juifs\/","title":{"rendered":"Les camps d&#8217;\u00e9t\u00e9 juif nourrissent l&#8217;identit\u00e9"},"content":{"rendered":"<h2>Plusieurs \u00e9tudes ont d\u00e9montr\u00e9 que les camps d\u2019\u00e9t\u00e9 juifs constituent un des meilleurs cadres dans lesquels les enfants peuvent cultiver leur identit\u00e9. Selon une \u00e9tude de 2022 de la Foundation for Jewish Camp, 92 % des familles ont affirm\u00e9 que le camp d\u2019\u00e9t\u00e9 avait aid\u00e9 leur enfant \u00e0 se rapprocher de son identit\u00e9 juive.<\/h2>\n<p>Voil\u00e0 pourquoi la Fondation Azrieli a fait appel \u00e0 la <a href=\"https:\/\/hgf.org\/\" target=\"_blank\" rel=\"noopener\">Fondation Harold Grinspoon<\/a> pour administrer le programme Azrieli\/PJ Library Campership Award, qui cherche \u00e0 encourager les familles \u00e0 envoyer leurs enfants \u00e0 un camp d\u2019\u00e9t\u00e9 juif. Depuis 2017, le programme a permis \u00e0 plus de 4 800 jeunes au Canada et aux \u00c9tats-Unis de fr\u00e9quenter un camp d\u2019\u00e9t\u00e9 juif pour la premi\u00e8re fois.<\/p>\n<p>Ce soutien a eu un impact significatif sur des enfants comme Jenny, qui vit dans une petite ville du Nouveau-Brunswick. Bien que la famille imm\u00e9diate de Jenny observe les f\u00eates juives, sa m\u00e8re constate que \u00ab les r\u00e9alit\u00e9s d\u2019une vie juive y sont diff\u00e9rentes \u00bb que dans un grand centre urbain.<\/p>\n<p>Elle a donc d\u00e9cid\u00e9 d\u2019envoyer Jenny au Camp Kadimah (le seul camp d\u2019\u00e9t\u00e9 juif des provinces atlantiques) apr\u00e8s avoir appris que le programme Campership Award allait payer les frais d\u2019inscription. Au cours de l\u2019\u00e9t\u00e9 2022, Jenny y a v\u00e9cu une exp\u00e9rience qui l\u2019a transform\u00e9e.<\/p>\n<p>En plus des activit\u00e9s typiques, les campeurs chantent des chansons juives, observent le sabbat et int\u00e8grent du vocabulaire h\u00e9breu \u00e0 leurs activit\u00e9s quotidiennes. Ces \u00e9l\u00e9ments culturels et religieux leur permettent de se rapprocher de leur identit\u00e9.<\/p>\n<p>Gr\u00e2ce \u00e0 cette exp\u00e9rience, Jenny a maintenant le sentiment de faire partie d\u2019une plus vaste communaut\u00e9 juive. Elle avait h\u00e2te de retourner au Camp Kadimah en 2023 et reste en contact avec ses amis du camp tout au long de l\u2019ann\u00e9e.<\/p>\n<p>\u00ab Son lien direct au juda\u00efsme, en dehors de la famille, c\u2019est le camp d\u2019\u00e9t\u00e9 \u00bb, explique la m\u00e8re de Jenny, qui ajoute que l\u2019identit\u00e9 juive de sa fille est maintenant assez forte pour lui permettre d\u2019agir comme ambassadrice de la communaut\u00e9 aupr\u00e8s de ses pairs non juifs.<\/p>\n<p>Le programme Azrieli\/PJ Library Campership Awards a permis \u00e0 Jenny et \u00e0 des milliers d\u2019autres enfants de forger des liens \u00e9motionnels tr\u00e8s forts avec leur identit\u00e9 juive, des liens qui seront maintenus bien au-del\u00e0 d\u2019un camp d\u2019\u00e9t\u00e9.<\/p>\n","protected":false},"excerpt":{"rendered":"<p>Plusieurs \u00e9tudes ont d\u00e9montr\u00e9 que les camps d\u2019\u00e9t\u00e9 juifs constituent un des meilleurs cadres dans lesquels les enfants peuvent cultiver leur identit\u00e9. Selon une \u00e9tude de 2022 de la Foundation for Jewish Camp, 92 % des familles ont affirm\u00e9 que le camp d\u2019\u00e9t\u00e9 avait aid\u00e9 leur enfant \u00e0 se rapprocher de son identit\u00e9 juive. Voil\u00e0 [&hellip;]<\/p>\n","protected":false},"featured_media":68425,"comment_status":"open","ping_status":"closed","template":"","tags":[],"stories_entries":[],"class_list":["post-68486","stories","type-stories","status-publish","has-post-thumbnail","hentry"],"acf":[],"yoast_head":"<!-- This site is optimized with the Yoast SEO plugin v27.3 - https:\/\/yoast.com\/product\/yoast-seo-wordpress\/ -->\n<title>Les camps d&#039;\u00e9t\u00e9 juif nourrissent l&#039;identit\u00e9 - The Azrieli Foundation<\/title>\n<meta name=\"robots\" content=\"index, follow, max-snippet:-1, max-image-preview:large, max-video-preview:-1\" \/>\n<link rel=\"canonical\" href=\"https:\/\/azrielifoundation.org\/fr\/stories\/limpact-significatif-des-camps-dete-juifs\/\" \/>\n<meta property=\"og:locale\" content=\"en_US\" \/>\n<meta property=\"og:type\" content=\"article\" \/>\n<meta property=\"og:title\" content=\"Les camps d&#039;\u00e9t\u00e9 juif nourrissent l&#039;identit\u00e9 - The Azrieli Foundation\" \/>\n<meta property=\"og:description\" content=\"Plusieurs \u00e9tudes ont d\u00e9montr\u00e9 que les camps d\u2019\u00e9t\u00e9 juifs constituent un des meilleurs cadres dans lesquels les enfants peuvent cultiver leur identit\u00e9. Selon une \u00e9tude de 2022 de la Foundation for Jewish Camp, 92 % des familles ont affirm\u00e9 que le camp d\u2019\u00e9t\u00e9 avait aid\u00e9 leur enfant \u00e0 se rapprocher de son identit\u00e9 juive. Voil\u00e0 [&hellip;]\" \/>\n<meta property=\"og:url\" content=\"https:\/\/azrielifoundation.org\/fr\/stories\/limpact-significatif-des-camps-dete-juifs\/\" \/>\n<meta property=\"og:site_name\" content=\"The Azrieli Foundation\" \/>\n<meta property=\"article:modified_time\" content=\"2023-12-06T20:29:00+00:00\" \/>\n<meta property=\"og:image\" content=\"https:\/\/azrielifoundation.org\/fr\/wp-content\/uploads\/2023\/09\/00f2ccb2-1e54-4f11-8616-4471baea341b.jpeg\" \/>\n\t<meta property=\"og:image:width\" content=\"1338\" \/>\n\t<meta property=\"og:image:height\" content=\"893\" \/>\n\t<meta property=\"og:image:type\" content=\"image\/jpeg\" \/>\n<meta name=\"twitter:card\" content=\"summary_large_image\" \/>\n<meta name=\"twitter:label1\" content=\"Est. reading time\" \/>\n\t<meta name=\"twitter:data1\" content=\"2 minutes\" \/>\n<script type=\"application\/ld+json\" class=\"yoast-schema-graph\">{\"@context\":\"https:\\\/\\\/schema.org\",\"@graph\":[{\"@type\":\"WebPage\",\"@id\":\"https:\\\/\\\/azrielifoundation.org\\\/fr\\\/stories\\\/limpact-significatif-des-camps-dete-juifs\\\/\",\"url\":\"https:\\\/\\\/azrielifoundation.org\\\/fr\\\/stories\\\/limpact-significatif-des-camps-dete-juifs\\\/\",\"name\":\"Les camps d'\u00e9t\u00e9 juif nourrissent l'identit\u00e9 - The Azrieli Foundation\",\"isPartOf\":{\"@id\":\"https:\\\/\\\/azrielifoundation.org\\\/fr\\\/#website\"},\"primaryImageOfPage\":{\"@id\":\"https:\\\/\\\/azrielifoundation.org\\\/fr\\\/stories\\\/limpact-significatif-des-camps-dete-juifs\\\/#primaryimage\"},\"image\":{\"@id\":\"https:\\\/\\\/azrielifoundation.org\\\/fr\\\/stories\\\/limpact-significatif-des-camps-dete-juifs\\\/#primaryimage\"},\"thumbnailUrl\":\"https:\\\/\\\/azrielifoundation.org\\\/fr\\\/wp-content\\\/uploads\\\/2023\\\/09\\\/00f2ccb2-1e54-4f11-8616-4471baea341b.jpeg\",\"datePublished\":\"2023-12-06T12:16:53+00:00\",\"dateModified\":\"2023-12-06T20:29:00+00:00\",\"breadcrumb\":{\"@id\":\"https:\\\/\\\/azrielifoundation.org\\\/fr\\\/stories\\\/limpact-significatif-des-camps-dete-juifs\\\/#breadcrumb\"},\"inLanguage\":\"en-US\",\"potentialAction\":[{\"@type\":\"ReadAction\",\"target\":[\"https:\\\/\\\/azrielifoundation.org\\\/fr\\\/stories\\\/limpact-significatif-des-camps-dete-juifs\\\/\"]}]},{\"@type\":\"ImageObject\",\"inLanguage\":\"en-US\",\"@id\":\"https:\\\/\\\/azrielifoundation.org\\\/fr\\\/stories\\\/limpact-significatif-des-camps-dete-juifs\\\/#primaryimage\",\"url\":\"https:\\\/\\\/azrielifoundation.org\\\/fr\\\/wp-content\\\/uploads\\\/2023\\\/09\\\/00f2ccb2-1e54-4f11-8616-4471baea341b.jpeg\",\"contentUrl\":\"https:\\\/\\\/azrielifoundation.org\\\/fr\\\/wp-content\\\/uploads\\\/2023\\\/09\\\/00f2ccb2-1e54-4f11-8616-4471baea341b.jpeg\",\"width\":1338,\"height\":893,\"caption\":\"Photo gracieuset\u00e9 de Camp Kadimah\"},{\"@type\":\"BreadcrumbList\",\"@id\":\"https:\\\/\\\/azrielifoundation.org\\\/fr\\\/stories\\\/limpact-significatif-des-camps-dete-juifs\\\/#breadcrumb\",\"itemListElement\":[{\"@type\":\"ListItem\",\"position\":1,\"name\":\"Home\",\"item\":\"https:\\\/\\\/azrielifoundation.org\\\/fr\\\/\"},{\"@type\":\"ListItem\",\"position\":2,\"name\":\"Les camps d&#8217;\u00e9t\u00e9 juif nourrissent l&#8217;identit\u00e9\"}]},{\"@type\":\"WebSite\",\"@id\":\"https:\\\/\\\/azrielifoundation.org\\\/fr\\\/#website\",\"url\":\"https:\\\/\\\/azrielifoundation.org\\\/fr\\\/\",\"name\":\"The Azrieli Foundation\",\"description\":\"\",\"potentialAction\":[{\"@type\":\"SearchAction\",\"target\":{\"@type\":\"EntryPoint\",\"urlTemplate\":\"https:\\\/\\\/azrielifoundation.org\\\/fr\\\/?s={search_term_string}\"},\"query-input\":{\"@type\":\"PropertyValueSpecification\",\"valueRequired\":true,\"valueName\":\"search_term_string\"}}],\"inLanguage\":\"en-US\"}]}<\/script>\n<!-- \/ Yoast SEO plugin. -->","yoast_head_json":{"title":"Les camps d'\u00e9t\u00e9 juif nourrissent l'identit\u00e9 - The Azrieli Foundation","robots":{"index":"index","follow":"follow","max-snippet":"max-snippet:-1","max-image-preview":"max-image-preview:large","max-video-preview":"max-video-preview:-1"},"canonical":"https:\/\/azrielifoundation.org\/fr\/stories\/limpact-significatif-des-camps-dete-juifs\/","og_locale":"en_US","og_type":"article","og_title":"Les camps d'\u00e9t\u00e9 juif nourrissent l'identit\u00e9 - The Azrieli Foundation","og_description":"Plusieurs \u00e9tudes ont d\u00e9montr\u00e9 que les camps d\u2019\u00e9t\u00e9 juifs constituent un des meilleurs cadres dans lesquels les enfants peuvent cultiver leur identit\u00e9. Selon une \u00e9tude de 2022 de la Foundation for Jewish Camp, 92 % des familles ont affirm\u00e9 que le camp d\u2019\u00e9t\u00e9 avait aid\u00e9 leur enfant \u00e0 se rapprocher de son identit\u00e9 juive. Voil\u00e0 [&hellip;]","og_url":"https:\/\/azrielifoundation.org\/fr\/stories\/limpact-significatif-des-camps-dete-juifs\/","og_site_name":"The Azrieli Foundation","article_modified_time":"2023-12-06T20:29:00+00:00","og_image":[{"width":1338,"height":893,"url":"https:\/\/azrielifoundation.org\/fr\/wp-content\/uploads\/2023\/09\/00f2ccb2-1e54-4f11-8616-4471baea341b.jpeg","type":"image\/jpeg"}],"twitter_card":"summary_large_image","twitter_misc":{"Est. reading time":"2 minutes"},"schema":{"@context":"https:\/\/schema.org","@graph":[{"@type":"WebPage","@id":"https:\/\/azrielifoundation.org\/fr\/stories\/limpact-significatif-des-camps-dete-juifs\/","url":"https:\/\/azrielifoundation.org\/fr\/stories\/limpact-significatif-des-camps-dete-juifs\/","name":"Les camps d'\u00e9t\u00e9 juif nourrissent l'identit\u00e9 - The Azrieli Foundation","isPartOf":{"@id":"https:\/\/azrielifoundation.org\/fr\/#website"},"primaryImageOfPage":{"@id":"https:\/\/azrielifoundation.org\/fr\/stories\/limpact-significatif-des-camps-dete-juifs\/#primaryimage"},"image":{"@id":"https:\/\/azrielifoundation.org\/fr\/stories\/limpact-significatif-des-camps-dete-juifs\/#primaryimage"},"thumbnailUrl":"https:\/\/azrielifoundation.org\/fr\/wp-content\/uploads\/2023\/09\/00f2ccb2-1e54-4f11-8616-4471baea341b.jpeg","datePublished":"2023-12-06T12:16:53+00:00","dateModified":"2023-12-06T20:29:00+00:00","breadcrumb":{"@id":"https:\/\/azrielifoundation.org\/fr\/stories\/limpact-significatif-des-camps-dete-juifs\/#breadcrumb"},"inLanguage":"en-US","potentialAction":[{"@type":"ReadAction","target":["https:\/\/azrielifoundation.org\/fr\/stories\/limpact-significatif-des-camps-dete-juifs\/"]}]},{"@type":"ImageObject","inLanguage":"en-US","@id":"https:\/\/azrielifoundation.org\/fr\/stories\/limpact-significatif-des-camps-dete-juifs\/#primaryimage","url":"https:\/\/azrielifoundation.org\/fr\/wp-content\/uploads\/2023\/09\/00f2ccb2-1e54-4f11-8616-4471baea341b.jpeg","contentUrl":"https:\/\/azrielifoundation.org\/fr\/wp-content\/uploads\/2023\/09\/00f2ccb2-1e54-4f11-8616-4471baea341b.jpeg","width":1338,"height":893,"caption":"Photo gracieuset\u00e9 de Camp Kadimah"},{"@type":"BreadcrumbList","@id":"https:\/\/azrielifoundation.org\/fr\/stories\/limpact-significatif-des-camps-dete-juifs\/#breadcrumb","itemListElement":[{"@type":"ListItem","position":1,"name":"Home","item":"https:\/\/azrielifoundation.org\/fr\/"},{"@type":"ListItem","position":2,"name":"Les camps d&#8217;\u00e9t\u00e9 juif nourrissent l&#8217;identit\u00e9"}]},{"@type":"WebSite","@id":"https:\/\/azrielifoundation.org\/fr\/#website","url":"https:\/\/azrielifoundation.org\/fr\/","name":"The Azrieli Foundation","description":"","potentialAction":[{"@type":"SearchAction","target":{"@type":"EntryPoint","urlTemplate":"https:\/\/azrielifoundation.org\/fr\/?s={search_term_string}"},"query-input":{"@type":"PropertyValueSpecification","valueRequired":true,"valueName":"search_term_string"}}],"inLanguage":"en-US"}]}},"_links":{"self":[{"href":"https:\/\/azrielifoundation.org\/fr\/wp-json\/wp\/v2\/stories\/68486","targetHints":{"allow":["GET"]}}],"collection":[{"href":"https:\/\/azrielifoundation.org\/fr\/wp-json\/wp\/v2\/stories"}],"about":[{"href":"https:\/\/azrielifoundation.org\/fr\/wp-json\/wp\/v2\/types\/stories"}],"replies":[{"embeddable":true,"href":"https:\/\/azrielifoundation.org\/fr\/wp-json\/wp\/v2\/comments?post=68486"}],"version-history":[{"count":7,"href":"https:\/\/azrielifoundation.org\/fr\/wp-json\/wp\/v2\/stories\/68486\/revisions"}],"predecessor-version":[{"id":68872,"href":"https:\/\/azrielifoundation.org\/fr\/wp-json\/wp\/v2\/stories\/68486\/revisions\/68872"}],"wp:featuredmedia":[{"embeddable":true,"href":"https:\/\/azrielifoundation.org\/fr\/wp-json\/wp\/v2\/media\/68425"}],"wp:attachment":[{"href":"https:\/\/azrielifoundation.org\/fr\/wp-json\/wp\/v2\/media?parent=68486"}],"wp:term":[{"taxonomy":"post_tag","embeddable":true,"href":"https:\/\/azrielifoundation.org\/fr\/wp-json\/wp\/v2\/tags?post=68486"},{"taxonomy":"stories_entries","embeddable":true,"href":"https:\/\/azrielifoundation.org\/fr\/wp-json\/wp\/v2\/stories_entries?post=68486"}],"curies":[{"name":"wp","href":"https:\/\/api.w.org\/{rel}","templated":true}]}}