{"id":68476,"date":"2023-12-06T12:13:16","date_gmt":"2023-12-06T12:13:16","guid":{"rendered":"https:\/\/theazrielifoundationfr.kinsta.cloud\/?post_type=stories&#038;p=68476"},"modified":"2023-12-06T20:29:38","modified_gmt":"2023-12-06T20:29:38","slug":"transformer-des-vies-grace-a-leducation","status":"publish","type":"stories","link":"https:\/\/azrielifoundation.org\/fr\/stories\/transformer-des-vies-grace-a-leducation\/","title":{"rendered":"Transformer des vies gr\u00e2ce \u00e0 l\u2019\u00e9ducation"},"content":{"rendered":"<h2>Lorsque la Fondation Azrieli a lanc\u00e9 son Programme d\u2019autonomie en 2004 dans une petite \u00e9cole de Be\u2019er Sheva, en Isra\u00ebl, son objectif \u00e9tait clair : renforcer les d\u00e9bouch\u00e9s scolaires pour les \u00e9l\u00e8ves<br \/>\nissus des communaut\u00e9s inad\u00e9quatement desservies en Isra\u00ebl.<\/h2>\n<p>Des ann\u00e9es plus tard, ce programme a transform\u00e9 la vie d\u2019Itzik. \u00ab Mon enseignante a sugg\u00e9r\u00e9 que je m\u2019inscrive au programme, et je suis certain que c\u2019est \u00e7a qui a compl\u00e8tement chang\u00e9 ma perception de moi-m\u00eame et de mes aptitudes \u00bb, explique Itzik, qui a termin\u00e9 son secondaire l\u2019ann\u00e9e derni\u00e8re.<\/p>\n<p>En offrant des heures de consolidation des apprentissages, des programmes de d\u00e9veloppement de comp\u00e9tences pertinentes pour les \u00e9l\u00e8ves, ainsi que des stages de perfectionnement professionnel \u00e0 l\u2019intention des enseignants et des directeurs d\u2019\u00e9cole, le Programme d\u2019autonomie cr\u00e9e des environnements propices \u00e0 l\u2019apprentissage, dans le but d\u2019am\u00e9liorer les r\u00e9sultats scolaires et sociaux.<\/p>\n<p>Ce type de soutien a permis \u00e0 Itzik d\u2019am\u00e9liorer grandement ses notes et de devenir le premier membre de sa famille \u00e0 compl\u00e9ter son secondaire. Cela l\u2019a \u00e9galement aid\u00e9 \u00e0 d\u00e9velopper des habilet\u00e9s sociales et fondamentales par le biais du b\u00e9n\u00e9volat.<\/p>\n<p>Depuis 2018, le Programme d\u2019autonomie est administr\u00e9 par les <a href=\"https:\/\/darca.org.il\/en\/homepage\/\" target=\"_blank\" rel=\"noopener\">\u00e9coles Darca<\/a>, un r\u00e9seau \u00e0 but non lucratif qui, en Isra\u00ebl, a \u00e9tabli une tradition d\u2019excellence et de rayonnement \u00e0 l\u2019\u00e9chelle de la p\u00e9riph\u00e9rie g\u00e9osociale du pays. Il offre actuellement du soutien \u00e0 25 000 \u00e9l\u00e8ves par ann\u00e9e dans 45 \u00e9coles. En 2023, la Fondation s\u2019est engag\u00e9e \u00e0 \u00e9largir le programme \u00e0 60 \u00e9coles au cours des cinq prochaines ann\u00e9es.<\/p>\n<p>Cette d\u00e9cision aura un impact sur des milliers d\u2019\u00e9l\u00e8ves comme Itzik, qui esp\u00e8re faire des \u00e9tudes sup\u00e9rieures en g\u00e9nie.<\/p>\n<p>\u00ab Mes enseignants m\u2019ont appris \u00e0 croire en moi-m\u00eame et m\u2019ont aid\u00e9 \u00e0 combler le foss\u00e9 me s\u00e9parant de mes pairs \u00bb, affirme Itzik. \u00ab Mais le plus important, c\u2019est qu\u2019ils m\u2019ont appris \u00e0 apprendre. \u00bb<\/p>\n","protected":false},"excerpt":{"rendered":"<p>Lorsque la Fondation Azrieli a lanc\u00e9 son Programme d\u2019autonomie en 2004 dans une petite \u00e9cole de Be\u2019er Sheva, en Isra\u00ebl, son objectif \u00e9tait clair : renforcer les d\u00e9bouch\u00e9s scolaires pour les \u00e9l\u00e8ves issus des communaut\u00e9s inad\u00e9quatement desservies en Isra\u00ebl. Des ann\u00e9es plus tard, ce programme a transform\u00e9 la vie d\u2019Itzik. \u00ab Mon enseignante a sugg\u00e9r\u00e9 [&hellip;]<\/p>\n","protected":false},"featured_media":68444,"comment_status":"open","ping_status":"closed","template":"","tags":[],"stories_entries":[],"class_list":["post-68476","stories","type-stories","status-publish","has-post-thumbnail","hentry"],"acf":[],"yoast_head":"<!-- This site is optimized with the Yoast SEO plugin v27.3 - https:\/\/yoast.com\/product\/yoast-seo-wordpress\/ -->\n<title>Transformer des vies gr\u00e2ce \u00e0 l\u2019\u00e9ducation - The Azrieli Foundation<\/title>\n<meta name=\"robots\" content=\"index, follow, max-snippet:-1, max-image-preview:large, max-video-preview:-1\" \/>\n<link rel=\"canonical\" href=\"https:\/\/azrielifoundation.org\/fr\/stories\/transformer-des-vies-grace-a-leducation\/\" \/>\n<meta property=\"og:locale\" content=\"en_US\" \/>\n<meta property=\"og:type\" content=\"article\" \/>\n<meta property=\"og:title\" content=\"Transformer des vies gr\u00e2ce \u00e0 l\u2019\u00e9ducation - The Azrieli Foundation\" \/>\n<meta property=\"og:description\" content=\"Lorsque la Fondation Azrieli a lanc\u00e9 son Programme d\u2019autonomie en 2004 dans une petite \u00e9cole de Be\u2019er Sheva, en Isra\u00ebl, son objectif \u00e9tait clair : renforcer les d\u00e9bouch\u00e9s scolaires pour les \u00e9l\u00e8ves issus des communaut\u00e9s inad\u00e9quatement desservies en Isra\u00ebl. Des ann\u00e9es plus tard, ce programme a transform\u00e9 la vie d\u2019Itzik. \u00ab Mon enseignante a sugg\u00e9r\u00e9 [&hellip;]\" \/>\n<meta property=\"og:url\" content=\"https:\/\/azrielifoundation.org\/fr\/stories\/transformer-des-vies-grace-a-leducation\/\" \/>\n<meta property=\"og:site_name\" content=\"The Azrieli Foundation\" \/>\n<meta property=\"article:modified_time\" content=\"2023-12-06T20:29:38+00:00\" \/>\n<meta property=\"og:image\" content=\"https:\/\/azrielifoundation.org\/fr\/wp-content\/uploads\/2023\/09\/ab5b761b-73de-44c4-9037-a19fae5e8b70-e1695149102820.jpeg\" \/>\n\t<meta property=\"og:image:width\" content=\"1204\" \/>\n\t<meta property=\"og:image:height\" content=\"655\" \/>\n\t<meta property=\"og:image:type\" content=\"image\/jpeg\" \/>\n<meta name=\"twitter:card\" content=\"summary_large_image\" \/>\n<meta name=\"twitter:label1\" content=\"Est. reading time\" \/>\n\t<meta name=\"twitter:data1\" content=\"2 minutes\" \/>\n<script type=\"application\/ld+json\" class=\"yoast-schema-graph\">{\"@context\":\"https:\\\/\\\/schema.org\",\"@graph\":[{\"@type\":\"WebPage\",\"@id\":\"https:\\\/\\\/azrielifoundation.org\\\/fr\\\/stories\\\/transformer-des-vies-grace-a-leducation\\\/\",\"url\":\"https:\\\/\\\/azrielifoundation.org\\\/fr\\\/stories\\\/transformer-des-vies-grace-a-leducation\\\/\",\"name\":\"Transformer des vies gr\u00e2ce \u00e0 l\u2019\u00e9ducation - The Azrieli Foundation\",\"isPartOf\":{\"@id\":\"https:\\\/\\\/azrielifoundation.org\\\/fr\\\/#website\"},\"primaryImageOfPage\":{\"@id\":\"https:\\\/\\\/azrielifoundation.org\\\/fr\\\/stories\\\/transformer-des-vies-grace-a-leducation\\\/#primaryimage\"},\"image\":{\"@id\":\"https:\\\/\\\/azrielifoundation.org\\\/fr\\\/stories\\\/transformer-des-vies-grace-a-leducation\\\/#primaryimage\"},\"thumbnailUrl\":\"https:\\\/\\\/azrielifoundation.org\\\/fr\\\/wp-content\\\/uploads\\\/2023\\\/09\\\/ab5b761b-73de-44c4-9037-a19fae5e8b70-e1695149102820.jpeg\",\"datePublished\":\"2023-12-06T12:13:16+00:00\",\"dateModified\":\"2023-12-06T20:29:38+00:00\",\"breadcrumb\":{\"@id\":\"https:\\\/\\\/azrielifoundation.org\\\/fr\\\/stories\\\/transformer-des-vies-grace-a-leducation\\\/#breadcrumb\"},\"inLanguage\":\"en-US\",\"potentialAction\":[{\"@type\":\"ReadAction\",\"target\":[\"https:\\\/\\\/azrielifoundation.org\\\/fr\\\/stories\\\/transformer-des-vies-grace-a-leducation\\\/\"]}]},{\"@type\":\"ImageObject\",\"inLanguage\":\"en-US\",\"@id\":\"https:\\\/\\\/azrielifoundation.org\\\/fr\\\/stories\\\/transformer-des-vies-grace-a-leducation\\\/#primaryimage\",\"url\":\"https:\\\/\\\/azrielifoundation.org\\\/fr\\\/wp-content\\\/uploads\\\/2023\\\/09\\\/ab5b761b-73de-44c4-9037-a19fae5e8b70-e1695149102820.jpeg\",\"contentUrl\":\"https:\\\/\\\/azrielifoundation.org\\\/fr\\\/wp-content\\\/uploads\\\/2023\\\/09\\\/ab5b761b-73de-44c4-9037-a19fae5e8b70-e1695149102820.jpeg\",\"width\":1204,\"height\":655,\"caption\":\"Une personne lit un livre avec une autre personne. L'une d'entre elle montre le livre du doigt.\"},{\"@type\":\"BreadcrumbList\",\"@id\":\"https:\\\/\\\/azrielifoundation.org\\\/fr\\\/stories\\\/transformer-des-vies-grace-a-leducation\\\/#breadcrumb\",\"itemListElement\":[{\"@type\":\"ListItem\",\"position\":1,\"name\":\"Home\",\"item\":\"https:\\\/\\\/azrielifoundation.org\\\/fr\\\/\"},{\"@type\":\"ListItem\",\"position\":2,\"name\":\"Transformer des vies gr\u00e2ce \u00e0 l\u2019\u00e9ducation\"}]},{\"@type\":\"WebSite\",\"@id\":\"https:\\\/\\\/azrielifoundation.org\\\/fr\\\/#website\",\"url\":\"https:\\\/\\\/azrielifoundation.org\\\/fr\\\/\",\"name\":\"The Azrieli Foundation\",\"description\":\"\",\"potentialAction\":[{\"@type\":\"SearchAction\",\"target\":{\"@type\":\"EntryPoint\",\"urlTemplate\":\"https:\\\/\\\/azrielifoundation.org\\\/fr\\\/?s={search_term_string}\"},\"query-input\":{\"@type\":\"PropertyValueSpecification\",\"valueRequired\":true,\"valueName\":\"search_term_string\"}}],\"inLanguage\":\"en-US\"}]}<\/script>\n<!-- \/ Yoast SEO plugin. -->","yoast_head_json":{"title":"Transformer des vies gr\u00e2ce \u00e0 l\u2019\u00e9ducation - The Azrieli Foundation","robots":{"index":"index","follow":"follow","max-snippet":"max-snippet:-1","max-image-preview":"max-image-preview:large","max-video-preview":"max-video-preview:-1"},"canonical":"https:\/\/azrielifoundation.org\/fr\/stories\/transformer-des-vies-grace-a-leducation\/","og_locale":"en_US","og_type":"article","og_title":"Transformer des vies gr\u00e2ce \u00e0 l\u2019\u00e9ducation - The Azrieli Foundation","og_description":"Lorsque la Fondation Azrieli a lanc\u00e9 son Programme d\u2019autonomie en 2004 dans une petite \u00e9cole de Be\u2019er Sheva, en Isra\u00ebl, son objectif \u00e9tait clair : renforcer les d\u00e9bouch\u00e9s scolaires pour les \u00e9l\u00e8ves issus des communaut\u00e9s inad\u00e9quatement desservies en Isra\u00ebl. Des ann\u00e9es plus tard, ce programme a transform\u00e9 la vie d\u2019Itzik. \u00ab Mon enseignante a sugg\u00e9r\u00e9 [&hellip;]","og_url":"https:\/\/azrielifoundation.org\/fr\/stories\/transformer-des-vies-grace-a-leducation\/","og_site_name":"The Azrieli Foundation","article_modified_time":"2023-12-06T20:29:38+00:00","og_image":[{"width":1204,"height":655,"url":"https:\/\/azrielifoundation.org\/fr\/wp-content\/uploads\/2023\/09\/ab5b761b-73de-44c4-9037-a19fae5e8b70-e1695149102820.jpeg","type":"image\/jpeg"}],"twitter_card":"summary_large_image","twitter_misc":{"Est. reading time":"2 minutes"},"schema":{"@context":"https:\/\/schema.org","@graph":[{"@type":"WebPage","@id":"https:\/\/azrielifoundation.org\/fr\/stories\/transformer-des-vies-grace-a-leducation\/","url":"https:\/\/azrielifoundation.org\/fr\/stories\/transformer-des-vies-grace-a-leducation\/","name":"Transformer des vies gr\u00e2ce \u00e0 l\u2019\u00e9ducation - The Azrieli Foundation","isPartOf":{"@id":"https:\/\/azrielifoundation.org\/fr\/#website"},"primaryImageOfPage":{"@id":"https:\/\/azrielifoundation.org\/fr\/stories\/transformer-des-vies-grace-a-leducation\/#primaryimage"},"image":{"@id":"https:\/\/azrielifoundation.org\/fr\/stories\/transformer-des-vies-grace-a-leducation\/#primaryimage"},"thumbnailUrl":"https:\/\/azrielifoundation.org\/fr\/wp-content\/uploads\/2023\/09\/ab5b761b-73de-44c4-9037-a19fae5e8b70-e1695149102820.jpeg","datePublished":"2023-12-06T12:13:16+00:00","dateModified":"2023-12-06T20:29:38+00:00","breadcrumb":{"@id":"https:\/\/azrielifoundation.org\/fr\/stories\/transformer-des-vies-grace-a-leducation\/#breadcrumb"},"inLanguage":"en-US","potentialAction":[{"@type":"ReadAction","target":["https:\/\/azrielifoundation.org\/fr\/stories\/transformer-des-vies-grace-a-leducation\/"]}]},{"@type":"ImageObject","inLanguage":"en-US","@id":"https:\/\/azrielifoundation.org\/fr\/stories\/transformer-des-vies-grace-a-leducation\/#primaryimage","url":"https:\/\/azrielifoundation.org\/fr\/wp-content\/uploads\/2023\/09\/ab5b761b-73de-44c4-9037-a19fae5e8b70-e1695149102820.jpeg","contentUrl":"https:\/\/azrielifoundation.org\/fr\/wp-content\/uploads\/2023\/09\/ab5b761b-73de-44c4-9037-a19fae5e8b70-e1695149102820.jpeg","width":1204,"height":655,"caption":"Une personne lit un livre avec une autre personne. L'une d'entre elle montre le livre du doigt."},{"@type":"BreadcrumbList","@id":"https:\/\/azrielifoundation.org\/fr\/stories\/transformer-des-vies-grace-a-leducation\/#breadcrumb","itemListElement":[{"@type":"ListItem","position":1,"name":"Home","item":"https:\/\/azrielifoundation.org\/fr\/"},{"@type":"ListItem","position":2,"name":"Transformer des vies gr\u00e2ce \u00e0 l\u2019\u00e9ducation"}]},{"@type":"WebSite","@id":"https:\/\/azrielifoundation.org\/fr\/#website","url":"https:\/\/azrielifoundation.org\/fr\/","name":"The Azrieli Foundation","description":"","potentialAction":[{"@type":"SearchAction","target":{"@type":"EntryPoint","urlTemplate":"https:\/\/azrielifoundation.org\/fr\/?s={search_term_string}"},"query-input":{"@type":"PropertyValueSpecification","valueRequired":true,"valueName":"search_term_string"}}],"inLanguage":"en-US"}]}},"_links":{"self":[{"href":"https:\/\/azrielifoundation.org\/fr\/wp-json\/wp\/v2\/stories\/68476","targetHints":{"allow":["GET"]}}],"collection":[{"href":"https:\/\/azrielifoundation.org\/fr\/wp-json\/wp\/v2\/stories"}],"about":[{"href":"https:\/\/azrielifoundation.org\/fr\/wp-json\/wp\/v2\/types\/stories"}],"replies":[{"embeddable":true,"href":"https:\/\/azrielifoundation.org\/fr\/wp-json\/wp\/v2\/comments?post=68476"}],"version-history":[{"count":4,"href":"https:\/\/azrielifoundation.org\/fr\/wp-json\/wp\/v2\/stories\/68476\/revisions"}],"predecessor-version":[{"id":68875,"href":"https:\/\/azrielifoundation.org\/fr\/wp-json\/wp\/v2\/stories\/68476\/revisions\/68875"}],"wp:featuredmedia":[{"embeddable":true,"href":"https:\/\/azrielifoundation.org\/fr\/wp-json\/wp\/v2\/media\/68444"}],"wp:attachment":[{"href":"https:\/\/azrielifoundation.org\/fr\/wp-json\/wp\/v2\/media?parent=68476"}],"wp:term":[{"taxonomy":"post_tag","embeddable":true,"href":"https:\/\/azrielifoundation.org\/fr\/wp-json\/wp\/v2\/tags?post=68476"},{"taxonomy":"stories_entries","embeddable":true,"href":"https:\/\/azrielifoundation.org\/fr\/wp-json\/wp\/v2\/stories_entries?post=68476"}],"curies":[{"name":"wp","href":"https:\/\/api.w.org\/{rel}","templated":true}]}}