{"id":31364,"date":"2023-04-25T19:40:52","date_gmt":"2023-04-25T19:40:52","guid":{"rendered":"https:\/\/theazrielifoundationfr.kinsta.cloud\/?post_type=stories&#038;p=31364"},"modified":"2023-08-15T17:10:22","modified_gmt":"2023-08-15T17:10:22","slug":"le-musee-de-lholocauste-toronto-remercie-ses-donateurs","status":"publish","type":"stories","link":"https:\/\/azrielifoundation.org\/fr\/stories\/le-musee-de-lholocauste-toronto-remercie-ses-donateurs\/","title":{"rendered":"Le Mus\u00e9e de l\u2019Holocauste Toronto remercie ses donateurs"},"content":{"rendered":"\r\n<h2 class=\"wp-block-heading\">Le 16 avril, le Mus\u00e9e de l\u2019Holocauste Toronto a organis\u00e9 un gala pour remercier les donateurs qui ont aid\u00e9 \u00e0 la r\u00e9alisation du nouveau mus\u00e9e.<\/h2>\r\n\r\n\r\n\r\n<p>Intitul\u00e9 \u00ab Gala de reconnaissance \u00bb, cet \u00e9v\u00e9nement a \u00e9galement accueilli des survivants de l&#8217;Holocauste canadiens et d&#8217;autres personnes impliqu\u00e9es dans la cr\u00e9ation de cet \u00e9tablissement d&#8217;enseignement de pointe qui pr\u00e9servera les r\u00e9cits de l&#8217;Holocauste et l&#8217;h\u00e9ritage des survivants de Toronto.<\/p>\r\n<p><img loading=\"lazy\" decoding=\"async\" class=\"alignnone size-full wp-image-31387\" src=\"https:\/\/theazrielifoundationfr.kinsta.cloud\/wp-content\/uploads\/2023\/04\/TGHolocoastDinner_230-Edit.jpg\" alt=\"Trois personnes en robe de soir\u00e9e devant un mur portant le logo du Mus\u00e9e de l'Holocauste Toronto.\" width=\"2048\" height=\"1463\" srcset=\"https:\/\/azrielifoundation.org\/fr\/wp-content\/uploads\/2023\/04\/TGHolocoastDinner_230-Edit.jpg 1920w, https:\/\/azrielifoundation.org\/fr\/wp-content\/uploads\/2023\/04\/TGHolocoastDinner_230-Edit-300x214.jpg 300w, https:\/\/azrielifoundation.org\/fr\/wp-content\/uploads\/2023\/04\/TGHolocoastDinner_230-Edit-768x549.jpg 768w, https:\/\/azrielifoundation.org\/fr\/wp-content\/uploads\/2023\/04\/TGHolocoastDinner_230-Edit-1030x736.jpg 1030w, https:\/\/azrielifoundation.org\/fr\/wp-content\/uploads\/2023\/04\/TGHolocoastDinner_230-Edit-1536x1097.jpg 1536w, https:\/\/azrielifoundation.org\/fr\/wp-content\/uploads\/2023\/04\/TGHolocoastDinner_230-Edit-1500x1072.jpg 1500w, https:\/\/azrielifoundation.org\/fr\/wp-content\/uploads\/2023\/04\/TGHolocoastDinner_230-Edit-260x185.jpg 260w, https:\/\/azrielifoundation.org\/fr\/wp-content\/uploads\/2023\/04\/TGHolocoastDinner_230-Edit-705x504.jpg 705w, https:\/\/azrielifoundation.org\/fr\/wp-content\/uploads\/2023\/04\/TGHolocoastDinner_230-Edit-450x321.jpg 450w, https:\/\/azrielifoundation.org\/fr\/wp-content\/uploads\/2023\/04\/TGHolocoastDinner_230-Edit-24x17.jpg 24w, https:\/\/azrielifoundation.org\/fr\/wp-content\/uploads\/2023\/04\/TGHolocoastDinner_230-Edit-36x26.jpg 36w, https:\/\/azrielifoundation.org\/fr\/wp-content\/uploads\/2023\/04\/TGHolocoastDinner_230-Edit-48x34.jpg 48w\" sizes=\"auto, (max-width: 2048px) 100vw, 2048px\" \/><\/p>\r\n<p style=\"text-align: left;\"><em>Gala de reconnaissance du Mus\u00e9e de l&#8217;Holocauste de Toronto. Avril 2023. (De gauche \u00e0 droite : Jody Spiegel, Naomi Azrieli, Dena Libman)<\/em><\/p>\r\n<p style=\"text-align: left;\"><em>Photo par Liora Kogan pour le Mus\u00e9e de l&#8217;Holocauste de Toronto, UJA Federation of Greater Toronto<\/em><\/p>\r\n<p>&nbsp;<\/p>\r\n<p>Avec un soutien de 12 millions de dollars, la Fondation Azrieli en est le plus important donateur.<\/p>\r\n<p>\u00ab Je suis fi\u00e8re et profond\u00e9ment \u00e9mue que la Fondation Azrieli soit le principal donateur \u00bb, a d\u00e9clar\u00e9 Naomi Azrieli, pr\u00e9sidente et directrice g\u00e9n\u00e9rale de la Fondation, qui a pris la parole lors du gala. \u00ab Le mus\u00e9e de l&#8217;Holocauste Toronto s&#8217;inscrit non seulement dans notre propre mission d&#8217;enseignement del&#8217;Holocauste, mais il favorise \u00e9galement nos nombreuses initiatives au sein de la communaut\u00e9 juive, ici \u00e0 Toronto et dans tout le Canada. \u00bb<\/p>\r\n<p>Elle a rappel\u00e9 que la mission de la Fondation a toujours \u00e9t\u00e9 d&#8217;aider les autres \u00e0 comprendre l&#8217;\u00e9normit\u00e9 et l&#8217;atrocit\u00e9 de l&#8217;Holocauste et tout ce qui a \u00e9t\u00e9 perdu, une histoire \u00e0 la fois.<\/p>\r\n<p>\u00ab Ce mus\u00e9e pourra raconter l&#8217;histoire des survivants de l\u2019Holocauste de notre communaut\u00e9 d&#8217;une mani\u00e8re vraiment unique, adapt\u00e9e aux besoins des visiteurs par le biais d&#8217;une exp\u00e9rience immersive et \u00e9ducative \u00bb, a-t-elle ajout\u00e9.<\/p>\r\n<p>Les invit\u00e9s ont pu visiter le mus\u00e9e, incluant le nouveau <em>Azrieli Legacy Hall<\/em>, o\u00f9 les visiteurs seront accueillis par des mots de David Azrieli <em>z\u201dl<\/em> et un affichage interactif qui raconte les histoires des partisans du mus\u00e9e et de leurs \u00eatres chers.<\/p>\r\n<p><img loading=\"lazy\" decoding=\"async\" class=\"alignnone size-full wp-image-31365\" src=\"https:\/\/theazrielifoundationfr.kinsta.cloud\/wp-content\/uploads\/2023\/04\/MicrosoftTeams-image-3.jpg\" alt=\"Une personne \u00e2g\u00e9e regardant une exposition dans le mus\u00e9e devant des photos et des vid\u00e9os.\" width=\"1600\" height=\"1067\" srcset=\"https:\/\/azrielifoundation.org\/fr\/wp-content\/uploads\/2023\/04\/MicrosoftTeams-image-3.jpg 1600w, https:\/\/azrielifoundation.org\/fr\/wp-content\/uploads\/2023\/04\/MicrosoftTeams-image-3-300x200.jpg 300w, https:\/\/azrielifoundation.org\/fr\/wp-content\/uploads\/2023\/04\/MicrosoftTeams-image-3-768x512.jpg 768w, https:\/\/azrielifoundation.org\/fr\/wp-content\/uploads\/2023\/04\/MicrosoftTeams-image-3-1030x687.jpg 1030w, https:\/\/azrielifoundation.org\/fr\/wp-content\/uploads\/2023\/04\/MicrosoftTeams-image-3-1536x1024.jpg 1536w, https:\/\/azrielifoundation.org\/fr\/wp-content\/uploads\/2023\/04\/MicrosoftTeams-image-3-1500x1000.jpg 1500w, https:\/\/azrielifoundation.org\/fr\/wp-content\/uploads\/2023\/04\/MicrosoftTeams-image-3-705x470.jpg 705w, https:\/\/azrielifoundation.org\/fr\/wp-content\/uploads\/2023\/04\/MicrosoftTeams-image-3-450x300.jpg 450w, https:\/\/azrielifoundation.org\/fr\/wp-content\/uploads\/2023\/04\/MicrosoftTeams-image-3-24x16.jpg 24w, https:\/\/azrielifoundation.org\/fr\/wp-content\/uploads\/2023\/04\/MicrosoftTeams-image-3-36x24.jpg 36w, https:\/\/azrielifoundation.org\/fr\/wp-content\/uploads\/2023\/04\/MicrosoftTeams-image-3-48x32.jpg 48w\" sizes=\"auto, (max-width: 1600px) 100vw, 1600px\" \/><\/p>\r\n<p style=\"text-align: left;\"><em><span class=\"ui-provider gz b c d e f g h i j k l m n o p q r s t u v w x y z ab ac ae af ag ah ai aj ak\" dir=\"ltr\">Gala de reconnaissance du Mus\u00e9e de l&#8217;Holocauste de Toronto. Avril 2023<\/span><\/em><\/p>\r\n<p style=\"text-align: left;\"><em><span class=\"ui-provider gz b c d e f g h i j k l m n o p q r s t u v w x y z ab ac ae af ag ah ai aj ak\" dir=\"ltr\">Photo par Vito Amati pour le Mus\u00e9e de l&#8221;Holocauste de Toronto, UJA Federation of Greater Toronto<\/span><\/em><\/p>\r\n<p>&nbsp;<\/p>\r\n<p>\u00ab L&#8217;exp\u00e9rience collective de tous ceux qui ont donn\u00e9 vie \u00e0 ce mus\u00e9e montre qu&#8217;une philanthropie efficace et catalytique ne s&#8217;exerce pas dans une bulle \u00bb, pr\u00e9cise Naomi Azrieli. \u00ab Elle repose sur des r\u00e9seaux de personnes qui privil\u00e9gient les m\u00eames valeurs et objectifs, trouvent des synergies et se rassemblent pour agir&#8230; C&#8217;est un rappel puissant que notre force en tant que communaut\u00e9 est plus grande que nous-m\u00eames et r\u00e9side dans le fait de r\u00e9pondre \u00e0 l&#8217;appel et d&#8217;agir ensemble. \u00bb<\/p>\r\n<p>Le Mus\u00e9e de l\u2019Holocauste Toronto ouvrira ses portes en juin 2023.<\/p>\r\n","protected":false},"excerpt":{"rendered":"<p>Le 16 avril, le Mus\u00e9e de l\u2019Holocauste Toronto a organis\u00e9 un gala pour remercier les donateurs qui ont aid\u00e9 \u00e0 la r\u00e9alisation du nouveau mus\u00e9e. Intitul\u00e9 \u00ab Gala de reconnaissance \u00bb, cet \u00e9v\u00e9nement a \u00e9galement accueilli des survivants de l&#8217;Holocauste canadiens et d&#8217;autres personnes impliqu\u00e9es dans la cr\u00e9ation de cet \u00e9tablissement d&#8217;enseignement de pointe qui [&hellip;]<\/p>\n","protected":false},"featured_media":31366,"comment_status":"closed","ping_status":"closed","template":"","tags":[],"stories_entries":[],"class_list":["post-31364","stories","type-stories","status-publish","has-post-thumbnail","hentry"],"acf":[],"yoast_head":"<!-- This site is optimized with the Yoast SEO plugin v27.3 - https:\/\/yoast.com\/product\/yoast-seo-wordpress\/ -->\n<title>Le Mus\u00e9e de l\u2019Holocauste Toronto remercie ses donateurs - The Azrieli Foundation<\/title>\n<meta name=\"description\" content=\"Le programme des m\u00e9moires a lanc\u00e9 une nouvelle ressource \u00e0 l\u2019intention des \u00e9ducateurs\u00a0: Premiers rep\u00e8res\u00a0: un guide pr\u00e9paratoire \u00e0 l\u2019enseignement de l\u2019Holocauste.\" \/>\n<meta name=\"robots\" content=\"index, follow, max-snippet:-1, max-image-preview:large, max-video-preview:-1\" \/>\n<link rel=\"canonical\" href=\"https:\/\/azrielifoundation.org\/fr\/stories\/le-musee-de-lholocauste-toronto-remercie-ses-donateurs\/\" \/>\n<meta property=\"og:locale\" content=\"en_US\" \/>\n<meta property=\"og:type\" content=\"article\" \/>\n<meta property=\"og:title\" content=\"Le Mus\u00e9e de l\u2019Holocauste Toronto remercie ses donateurs - The Azrieli Foundation\" \/>\n<meta property=\"og:description\" content=\"Le programme des m\u00e9moires a lanc\u00e9 une nouvelle ressource \u00e0 l\u2019intention des \u00e9ducateurs\u00a0: Premiers rep\u00e8res\u00a0: un guide pr\u00e9paratoire \u00e0 l\u2019enseignement de l\u2019Holocauste.\" \/>\n<meta property=\"og:url\" content=\"https:\/\/azrielifoundation.org\/fr\/stories\/le-musee-de-lholocauste-toronto-remercie-ses-donateurs\/\" \/>\n<meta property=\"og:site_name\" content=\"The Azrieli Foundation\" \/>\n<meta property=\"article:modified_time\" content=\"2023-08-15T17:10:22+00:00\" \/>\n<meta property=\"og:image\" content=\"https:\/\/azrielifoundation.org\/fr\/wp-content\/uploads\/2023\/04\/MicrosoftTeams-image-2.jpg\" \/>\n\t<meta property=\"og:image:width\" content=\"1600\" \/>\n\t<meta property=\"og:image:height\" content=\"1067\" \/>\n\t<meta property=\"og:image:type\" content=\"image\/jpeg\" \/>\n<meta name=\"twitter:card\" content=\"summary_large_image\" \/>\n<meta name=\"twitter:label1\" content=\"Est. reading time\" \/>\n\t<meta name=\"twitter:data1\" content=\"4 minutes\" \/>\n<script type=\"application\/ld+json\" class=\"yoast-schema-graph\">{\"@context\":\"https:\\\/\\\/schema.org\",\"@graph\":[{\"@type\":\"WebPage\",\"@id\":\"https:\\\/\\\/azrielifoundation.org\\\/fr\\\/stories\\\/le-musee-de-lholocauste-toronto-remercie-ses-donateurs\\\/\",\"url\":\"https:\\\/\\\/azrielifoundation.org\\\/fr\\\/stories\\\/le-musee-de-lholocauste-toronto-remercie-ses-donateurs\\\/\",\"name\":\"Le Mus\u00e9e de l\u2019Holocauste Toronto remercie ses donateurs - The Azrieli Foundation\",\"isPartOf\":{\"@id\":\"https:\\\/\\\/azrielifoundation.org\\\/fr\\\/#website\"},\"primaryImageOfPage\":{\"@id\":\"https:\\\/\\\/azrielifoundation.org\\\/fr\\\/stories\\\/le-musee-de-lholocauste-toronto-remercie-ses-donateurs\\\/#primaryimage\"},\"image\":{\"@id\":\"https:\\\/\\\/azrielifoundation.org\\\/fr\\\/stories\\\/le-musee-de-lholocauste-toronto-remercie-ses-donateurs\\\/#primaryimage\"},\"thumbnailUrl\":\"https:\\\/\\\/azrielifoundation.org\\\/fr\\\/wp-content\\\/uploads\\\/2023\\\/04\\\/MicrosoftTeams-image-2.jpg\",\"datePublished\":\"2023-04-25T19:40:52+00:00\",\"dateModified\":\"2023-08-15T17:10:22+00:00\",\"description\":\"Le programme des m\u00e9moires a lanc\u00e9 une nouvelle ressource \u00e0 l\u2019intention des \u00e9ducateurs\u00a0: Premiers rep\u00e8res\u00a0: un guide pr\u00e9paratoire \u00e0 l\u2019enseignement de l\u2019Holocauste.\",\"breadcrumb\":{\"@id\":\"https:\\\/\\\/azrielifoundation.org\\\/fr\\\/stories\\\/le-musee-de-lholocauste-toronto-remercie-ses-donateurs\\\/#breadcrumb\"},\"inLanguage\":\"en-US\",\"potentialAction\":[{\"@type\":\"ReadAction\",\"target\":[\"https:\\\/\\\/azrielifoundation.org\\\/fr\\\/stories\\\/le-musee-de-lholocauste-toronto-remercie-ses-donateurs\\\/\"]}]},{\"@type\":\"ImageObject\",\"inLanguage\":\"en-US\",\"@id\":\"https:\\\/\\\/azrielifoundation.org\\\/fr\\\/stories\\\/le-musee-de-lholocauste-toronto-remercie-ses-donateurs\\\/#primaryimage\",\"url\":\"https:\\\/\\\/azrielifoundation.org\\\/fr\\\/wp-content\\\/uploads\\\/2023\\\/04\\\/MicrosoftTeams-image-2.jpg\",\"contentUrl\":\"https:\\\/\\\/azrielifoundation.org\\\/fr\\\/wp-content\\\/uploads\\\/2023\\\/04\\\/MicrosoftTeams-image-2.jpg\",\"width\":1600,\"height\":1067,\"caption\":\"Deux personnes \u00e2g\u00e9es regardant une exposition dans le mus\u00e9e, l'une pointant du doigt.\"},{\"@type\":\"BreadcrumbList\",\"@id\":\"https:\\\/\\\/azrielifoundation.org\\\/fr\\\/stories\\\/le-musee-de-lholocauste-toronto-remercie-ses-donateurs\\\/#breadcrumb\",\"itemListElement\":[{\"@type\":\"ListItem\",\"position\":1,\"name\":\"Home\",\"item\":\"https:\\\/\\\/azrielifoundation.org\\\/fr\\\/\"},{\"@type\":\"ListItem\",\"position\":2,\"name\":\"Le Mus\u00e9e de l\u2019Holocauste Toronto remercie ses donateurs\"}]},{\"@type\":\"WebSite\",\"@id\":\"https:\\\/\\\/azrielifoundation.org\\\/fr\\\/#website\",\"url\":\"https:\\\/\\\/azrielifoundation.org\\\/fr\\\/\",\"name\":\"The Azrieli Foundation\",\"description\":\"\",\"potentialAction\":[{\"@type\":\"SearchAction\",\"target\":{\"@type\":\"EntryPoint\",\"urlTemplate\":\"https:\\\/\\\/azrielifoundation.org\\\/fr\\\/?s={search_term_string}\"},\"query-input\":{\"@type\":\"PropertyValueSpecification\",\"valueRequired\":true,\"valueName\":\"search_term_string\"}}],\"inLanguage\":\"en-US\"}]}<\/script>\n<!-- \/ Yoast SEO plugin. -->","yoast_head_json":{"title":"Le Mus\u00e9e de l\u2019Holocauste Toronto remercie ses donateurs - The Azrieli Foundation","description":"Le programme des m\u00e9moires a lanc\u00e9 une nouvelle ressource \u00e0 l\u2019intention des \u00e9ducateurs\u00a0: Premiers rep\u00e8res\u00a0: un guide pr\u00e9paratoire \u00e0 l\u2019enseignement de l\u2019Holocauste.","robots":{"index":"index","follow":"follow","max-snippet":"max-snippet:-1","max-image-preview":"max-image-preview:large","max-video-preview":"max-video-preview:-1"},"canonical":"https:\/\/azrielifoundation.org\/fr\/stories\/le-musee-de-lholocauste-toronto-remercie-ses-donateurs\/","og_locale":"en_US","og_type":"article","og_title":"Le Mus\u00e9e de l\u2019Holocauste Toronto remercie ses donateurs - The Azrieli Foundation","og_description":"Le programme des m\u00e9moires a lanc\u00e9 une nouvelle ressource \u00e0 l\u2019intention des \u00e9ducateurs\u00a0: Premiers rep\u00e8res\u00a0: un guide pr\u00e9paratoire \u00e0 l\u2019enseignement de l\u2019Holocauste.","og_url":"https:\/\/azrielifoundation.org\/fr\/stories\/le-musee-de-lholocauste-toronto-remercie-ses-donateurs\/","og_site_name":"The Azrieli Foundation","article_modified_time":"2023-08-15T17:10:22+00:00","og_image":[{"width":1600,"height":1067,"url":"https:\/\/azrielifoundation.org\/fr\/wp-content\/uploads\/2023\/04\/MicrosoftTeams-image-2.jpg","type":"image\/jpeg"}],"twitter_card":"summary_large_image","twitter_misc":{"Est. reading time":"4 minutes"},"schema":{"@context":"https:\/\/schema.org","@graph":[{"@type":"WebPage","@id":"https:\/\/azrielifoundation.org\/fr\/stories\/le-musee-de-lholocauste-toronto-remercie-ses-donateurs\/","url":"https:\/\/azrielifoundation.org\/fr\/stories\/le-musee-de-lholocauste-toronto-remercie-ses-donateurs\/","name":"Le Mus\u00e9e de l\u2019Holocauste Toronto remercie ses donateurs - The Azrieli Foundation","isPartOf":{"@id":"https:\/\/azrielifoundation.org\/fr\/#website"},"primaryImageOfPage":{"@id":"https:\/\/azrielifoundation.org\/fr\/stories\/le-musee-de-lholocauste-toronto-remercie-ses-donateurs\/#primaryimage"},"image":{"@id":"https:\/\/azrielifoundation.org\/fr\/stories\/le-musee-de-lholocauste-toronto-remercie-ses-donateurs\/#primaryimage"},"thumbnailUrl":"https:\/\/azrielifoundation.org\/fr\/wp-content\/uploads\/2023\/04\/MicrosoftTeams-image-2.jpg","datePublished":"2023-04-25T19:40:52+00:00","dateModified":"2023-08-15T17:10:22+00:00","description":"Le programme des m\u00e9moires a lanc\u00e9 une nouvelle ressource \u00e0 l\u2019intention des \u00e9ducateurs\u00a0: Premiers rep\u00e8res\u00a0: un guide pr\u00e9paratoire \u00e0 l\u2019enseignement de l\u2019Holocauste.","breadcrumb":{"@id":"https:\/\/azrielifoundation.org\/fr\/stories\/le-musee-de-lholocauste-toronto-remercie-ses-donateurs\/#breadcrumb"},"inLanguage":"en-US","potentialAction":[{"@type":"ReadAction","target":["https:\/\/azrielifoundation.org\/fr\/stories\/le-musee-de-lholocauste-toronto-remercie-ses-donateurs\/"]}]},{"@type":"ImageObject","inLanguage":"en-US","@id":"https:\/\/azrielifoundation.org\/fr\/stories\/le-musee-de-lholocauste-toronto-remercie-ses-donateurs\/#primaryimage","url":"https:\/\/azrielifoundation.org\/fr\/wp-content\/uploads\/2023\/04\/MicrosoftTeams-image-2.jpg","contentUrl":"https:\/\/azrielifoundation.org\/fr\/wp-content\/uploads\/2023\/04\/MicrosoftTeams-image-2.jpg","width":1600,"height":1067,"caption":"Deux personnes \u00e2g\u00e9es regardant une exposition dans le mus\u00e9e, l'une pointant du doigt."},{"@type":"BreadcrumbList","@id":"https:\/\/azrielifoundation.org\/fr\/stories\/le-musee-de-lholocauste-toronto-remercie-ses-donateurs\/#breadcrumb","itemListElement":[{"@type":"ListItem","position":1,"name":"Home","item":"https:\/\/azrielifoundation.org\/fr\/"},{"@type":"ListItem","position":2,"name":"Le Mus\u00e9e de l\u2019Holocauste Toronto remercie ses donateurs"}]},{"@type":"WebSite","@id":"https:\/\/azrielifoundation.org\/fr\/#website","url":"https:\/\/azrielifoundation.org\/fr\/","name":"The Azrieli Foundation","description":"","potentialAction":[{"@type":"SearchAction","target":{"@type":"EntryPoint","urlTemplate":"https:\/\/azrielifoundation.org\/fr\/?s={search_term_string}"},"query-input":{"@type":"PropertyValueSpecification","valueRequired":true,"valueName":"search_term_string"}}],"inLanguage":"en-US"}]}},"_links":{"self":[{"href":"https:\/\/azrielifoundation.org\/fr\/wp-json\/wp\/v2\/stories\/31364","targetHints":{"allow":["GET"]}}],"collection":[{"href":"https:\/\/azrielifoundation.org\/fr\/wp-json\/wp\/v2\/stories"}],"about":[{"href":"https:\/\/azrielifoundation.org\/fr\/wp-json\/wp\/v2\/types\/stories"}],"replies":[{"embeddable":true,"href":"https:\/\/azrielifoundation.org\/fr\/wp-json\/wp\/v2\/comments?post=31364"}],"version-history":[{"count":11,"href":"https:\/\/azrielifoundation.org\/fr\/wp-json\/wp\/v2\/stories\/31364\/revisions"}],"predecessor-version":[{"id":68461,"href":"https:\/\/azrielifoundation.org\/fr\/wp-json\/wp\/v2\/stories\/31364\/revisions\/68461"}],"wp:featuredmedia":[{"embeddable":true,"href":"https:\/\/azrielifoundation.org\/fr\/wp-json\/wp\/v2\/media\/31366"}],"wp:attachment":[{"href":"https:\/\/azrielifoundation.org\/fr\/wp-json\/wp\/v2\/media?parent=31364"}],"wp:term":[{"taxonomy":"post_tag","embeddable":true,"href":"https:\/\/azrielifoundation.org\/fr\/wp-json\/wp\/v2\/tags?post=31364"},{"taxonomy":"stories_entries","embeddable":true,"href":"https:\/\/azrielifoundation.org\/fr\/wp-json\/wp\/v2\/stories_entries?post=31364"}],"curies":[{"name":"wp","href":"https:\/\/api.w.org\/{rel}","templated":true}]}}