{"id":30595,"date":"2022-12-12T16:42:48","date_gmt":"2022-12-12T16:42:48","guid":{"rendered":"https:\/\/theazrielifoundationfr.kinsta.cloud\/?post_type=stories&#038;p=30595"},"modified":"2023-04-03T13:20:52","modified_gmt":"2023-04-03T13:20:52","slug":"a-pas-de-geant-les-pierres-d-assise","status":"publish","type":"stories","link":"https:\/\/azrielifoundation.org\/fr\/stories\/a-pas-de-geant-les-pierres-d-assise\/","title":{"rendered":"\u00c0 Pas de G\u00e9ant : les pierres d\u2019assise"},"content":{"rendered":"\r\n<h2 id=\"h-pour-ouvrir-la-porte-a-des-possibilites-pour-tous-il-faut-demanteler-les-barrieres-nous-savons-que-le-manque-d-acces-a-des-emplois-valorisants-et-bien-encadres-represente-l-un-des-nombreux-obstacles-systemiques-auxquels-sont-confrontees-les-personnes-neurodivergentes-au-canada-il-y-a-plus-de-500-000-adultes-en-age-de-travailler-qui-ont-des-deficiences-intellectuelles-ou-sont-autistes-pourtant-environ-88-d-entre-eux-sont-sans-emploi-ou-sous-employes\" class=\"has-text-align-center wp-block-heading\">Comment l\u2019\u00e9cole\u00a0<a href=\"https:\/\/giantstepsmontreal.com\/fr\/\" target=\"_blank\" rel=\"noopener\">\u00c0 Pas de G\u00e9ant<\/a>\u00a0est-elle devenue l\u2019\u00e9tablissement renomm\u00e9 que nous connaissons aujourd\u2019hui?<\/h2>\r\n\r\n\r\n\n<figure class=\"wp-block-image aligncenter size-large\"><img loading=\"lazy\" decoding=\"async\" width=\"60\" height=\"50\" src=\"https:\/\/theazrielifoundationfr.kinsta.cloud\/wp-content\/uploads\/2019\/05\/yellow-horizontal-spacer.png\" alt=\"\" class=\"wp-image-20525\" srcset=\"https:\/\/azrielifoundation.org\/fr\/wp-content\/uploads\/2019\/05\/yellow-horizontal-spacer.png 60w, https:\/\/azrielifoundation.org\/fr\/wp-content\/uploads\/2019\/05\/yellow-horizontal-spacer-24x20.png 24w, https:\/\/azrielifoundation.org\/fr\/wp-content\/uploads\/2019\/05\/yellow-horizontal-spacer-36x30.png 36w, https:\/\/azrielifoundation.org\/fr\/wp-content\/uploads\/2019\/05\/yellow-horizontal-spacer-48x40.png 48w\" sizes=\"auto, (max-width: 60px) 100vw, 60px\" \/><\/figure>\n\r\n\r\n\r\n<p>Au tout d\u00e9but, il y avait une femme attentionn\u00e9e et d\u00e9termin\u00e9e du nom de Darlene Berringer qui, dans un sous-sol d\u2019\u00e9glise, dirigeait un programme de musique parascolaire pour sept \u00e9l\u00e8ves autistes. Gr\u00e2ce au bouche \u00e0 oreille, le programme a pris de l\u2019ampleur, jusqu\u2019\u00e0 ce qu\u2019il soit accueilli par une \u00e9cole secondaire, o\u00f9 il \u00e9tait propos\u00e9 apr\u00e8s les heures de classe. En 1983, avec les parents de ses \u00e9l\u00e8ves, Darlene a obtenu du financement pour transformer son programme, devenu tr\u00e8s populaire, en une \u00e9cole en bonne et due forme.<\/p>\r\n<p>Dorothy Notkin, qui est ergoth\u00e9rapeute, fait partie de la famille \u00c0 Pas de G\u00e9ant depuis le d\u00e9but. En 40 ans, elle a acquis une perspective privil\u00e9gi\u00e9e qui lui permet d\u2019expliquer la r\u00e9ussite de l\u2019\u00e9cole.<\/p>\r\n<div id=\"attachment_29917\" style=\"width: 783px\" class=\"wp-caption aligncenter\"><img loading=\"lazy\" decoding=\"async\" aria-describedby=\"caption-attachment-29917\" class=\"size-large wp-image-29917\" src=\"https:\/\/theazrielifoundationfr.kinsta.cloud\/wp-content\/uploads\/2022\/12\/IMG-1-Dorothy-Notkin-773x1030.jpg\" alt=\"\" width=\"773\" height=\"1030\" srcset=\"https:\/\/azrielifoundation.org\/fr\/wp-content\/uploads\/2022\/12\/IMG-1-Dorothy-Notkin-773x1030.jpg 773w, https:\/\/azrielifoundation.org\/fr\/wp-content\/uploads\/2022\/12\/IMG-1-Dorothy-Notkin-225x300.jpg 225w, https:\/\/azrielifoundation.org\/fr\/wp-content\/uploads\/2022\/12\/IMG-1-Dorothy-Notkin-768x1024.jpg 768w, https:\/\/azrielifoundation.org\/fr\/wp-content\/uploads\/2022\/12\/IMG-1-Dorothy-Notkin-1152x1536.jpg 1152w, https:\/\/azrielifoundation.org\/fr\/wp-content\/uploads\/2022\/12\/IMG-1-Dorothy-Notkin-1536x2048.jpg 1536w, https:\/\/azrielifoundation.org\/fr\/wp-content\/uploads\/2022\/12\/IMG-1-Dorothy-Notkin-1125x1500.jpg 1125w, https:\/\/azrielifoundation.org\/fr\/wp-content\/uploads\/2022\/12\/IMG-1-Dorothy-Notkin-529x705.jpg 529w, https:\/\/azrielifoundation.org\/fr\/wp-content\/uploads\/2022\/12\/IMG-1-Dorothy-Notkin-450x600.jpg 450w, https:\/\/azrielifoundation.org\/fr\/wp-content\/uploads\/2022\/12\/IMG-1-Dorothy-Notkin-18x24.jpg 18w, https:\/\/azrielifoundation.org\/fr\/wp-content\/uploads\/2022\/12\/IMG-1-Dorothy-Notkin-27x36.jpg 27w, https:\/\/azrielifoundation.org\/fr\/wp-content\/uploads\/2022\/12\/IMG-1-Dorothy-Notkin-36x48.jpg 36w, https:\/\/azrielifoundation.org\/fr\/wp-content\/uploads\/2022\/12\/IMG-1-Dorothy-Notkin-scaled.jpg 1440w\" sizes=\"auto, (max-width: 773px) 100vw, 773px\" \/><p id=\"caption-attachment-29917\" class=\"wp-caption-text\">Dorothy Notkin, ergoth\u00e9rapeute \u00e0 \u00c0 Pas de G\u00e9ant<\/p><\/div>\r\n<p>\u00ab Si la population [autiste] \u00e9tait \u00e9duqu\u00e9e dans les conditions optimales, ces personnes pourraient s\u2019\u00e9panouir et devenir authentiquement elles-m\u00eames\u00a0\u00bb, explique Dorothy. \u00ab\u00a0Darlene avait compris l\u2019importance d\u2019une approche multisensorielle [\u2026] et c\u2019est ce qui distinguait alors cette \u00e9cole. On n\u2019apposait pas d\u2019\u00e9tiquette sur les enfants; chacun avait sa personnalit\u00e9 propre, et mieux que quiconque, [Darlene] \u00e9tait capable de les faire sortir de leur coquille.\u00a0\u00bb<\/p>\r\n<p>Cette approche holistique et ax\u00e9e sur la personne a permis \u00e0 l\u2019\u00e9cole \u00c0 Pas de G\u00e9ant de s\u2019imposer comme un centre d\u2019enseignement avanc\u00e9 pour autistes. L\u2019individualit\u00e9 de chaque \u00e9l\u00e8ve y est reconnue, et tous les \u00e9l\u00e8ves ont la possibilit\u00e9 d\u2019apprendre d\u2019une mani\u00e8re qui tient compte de leurs capacit\u00e9s respectives.<\/p>\r\n<p>\u00ab\u00a0Les programmes de motricit\u00e9 de l\u2019\u00e9cole sont novateurs \u2013\u00a0c\u2019est l\u00e0 qu\u2019intervient l\u2019ergoth\u00e9rapie\u00a0\u2013 et les programmes sensoriels sont in\u00e9gal\u00e9s\u00a0\u00bb, ajoute Dorothy. \u00ab\u00a0Les r\u00e9sultats sont extraordinaires.\u00a0\u00bb<\/p>\r\n<p>L\u2019impact ne se limite pas aux \u00e9l\u00e8ves. Tout en \u00e9duquant les enfants en salle de classe, \u00c0 Pas de G\u00e9ant travaille \u00e0 \u00e9duquer la communaut\u00e9. En incarnant sa devise, \u00ab\u00a0Inclusion 365\u00a0\u00bb, l\u2019\u00e9cole offre une formation de sensibilisation \u00e0 l\u2019autisme aux premiers intervenants, des ressources pour les chauffeurs d\u2019autobus scolaires, ainsi qu\u2019un programme de s\u00e9curit\u00e9 en ligne pour les personnes atteintes du TSA.<\/p>\r\n<p>Ces r\u00e9sultats extraordinaires ont entra\u00een\u00e9 la reproduction du mod\u00e8le \u00c0 Pas de G\u00e9ant, qui existe maintenant \u00e0 travers le monde, avec des \u00e9coles \u00e0 Toronto, au Connecticut, au Missouri, en Tasmanie et \u00e0 Sydney, en Australie.\u00a0Des th\u00e9rapeutes et des enseignants de l\u2019\u00e9quipe \u00c0 Pas de G\u00e9ant se rendent \u00e0 chaque nouveau site afin d\u2019aider \u00e0 l\u2019\u00e9tablissement d\u2019une nouvelle \u00e9cole et \u00e0 l\u2019\u00e9valuation des \u00e9l\u00e8ves.<\/p>\r\n<div id=\"attachment_29918\" style=\"width: 1040px\" class=\"wp-caption aligncenter\"><img loading=\"lazy\" decoding=\"async\" aria-describedby=\"caption-attachment-29918\" class=\"size-large wp-image-29918\" src=\"https:\/\/theazrielifoundationfr.kinsta.cloud\/wp-content\/uploads\/2022\/12\/IMG-2-Photo-New-Giant-Steps-Autism-Centre-1030x499.jpeg\" alt=\"\" width=\"1030\" height=\"499\" srcset=\"https:\/\/azrielifoundation.org\/fr\/wp-content\/uploads\/2022\/12\/IMG-2-Photo-New-Giant-Steps-Autism-Centre-1030x499.jpeg 1030w, https:\/\/azrielifoundation.org\/fr\/wp-content\/uploads\/2022\/12\/IMG-2-Photo-New-Giant-Steps-Autism-Centre-1536x744.jpeg 1536w, https:\/\/azrielifoundation.org\/fr\/wp-content\/uploads\/2022\/12\/IMG-2-Photo-New-Giant-Steps-Autism-Centre-2048x992.jpeg 2048w, https:\/\/azrielifoundation.org\/fr\/wp-content\/uploads\/2022\/12\/IMG-2-Photo-New-Giant-Steps-Autism-Centre-1500x726.jpeg 1500w, https:\/\/azrielifoundation.org\/fr\/wp-content\/uploads\/2022\/12\/IMG-2-Photo-New-Giant-Steps-Autism-Centre-300x145.jpeg 300w, https:\/\/azrielifoundation.org\/fr\/wp-content\/uploads\/2022\/12\/IMG-2-Photo-New-Giant-Steps-Autism-Centre-768x372.jpeg 768w, https:\/\/azrielifoundation.org\/fr\/wp-content\/uploads\/2022\/12\/IMG-2-Photo-New-Giant-Steps-Autism-Centre-705x341.jpeg 705w, https:\/\/azrielifoundation.org\/fr\/wp-content\/uploads\/2022\/12\/IMG-2-Photo-New-Giant-Steps-Autism-Centre-450x218.jpeg 450w, https:\/\/azrielifoundation.org\/fr\/wp-content\/uploads\/2022\/12\/IMG-2-Photo-New-Giant-Steps-Autism-Centre-24x12.jpeg 24w, https:\/\/azrielifoundation.org\/fr\/wp-content\/uploads\/2022\/12\/IMG-2-Photo-New-Giant-Steps-Autism-Centre-36x17.jpeg 36w, https:\/\/azrielifoundation.org\/fr\/wp-content\/uploads\/2022\/12\/IMG-2-Photo-New-Giant-Steps-Autism-Centre-48x23.jpeg 48w, https:\/\/azrielifoundation.org\/fr\/wp-content\/uploads\/2022\/12\/IMG-2-Photo-New-Giant-Steps-Autism-Centre-scaled.jpeg 1920w\" sizes=\"auto, (max-width: 1030px) 100vw, 1030px\" \/><p id=\"caption-attachment-29918\" class=\"wp-caption-text\">Plan du nouveau centre \u00c0 Pas de G\u00e9ant<\/p><\/div>\r\n<p>Alors qu\u2019\u00c0 Pas de G\u00e9ant s\u2019appr\u00eate \u00e0 ouvrir \u00e0\u00a0<a href=\"https:\/\/centredautismeapasdegeant.com\/\" target=\"_blank\" rel=\"noopener\">Montr\u00e9al les portes de son nouveau centre d\u2019excellence<\/a>\u00a0\u00e0 l\u2019\u00e9t\u00e9 2023, l\u2019\u00e9cole continue de r\u00e9pondre aux divers besoins de chacun de ses \u00e9l\u00e8ves et de s\u2019assurer qu\u2019une telle approche individualis\u00e9e demeure au c\u0153ur de sa d\u00e9marche. Le don de cinq millions de dollars de la Fondation Azrieli permettra \u00e0 l\u2019\u00e9cole d\u2019accro\u00eetre ses inscriptions, d\u2019offrir encore plus de services et de continuer de cr\u00e9er de nouveaux programmes innovants.<\/p>\r\n","protected":false},"excerpt":{"rendered":"<p>Comment l\u2019\u00e9cole\u00a0\u00c0 Pas de G\u00e9ant\u00a0est-elle devenue l\u2019\u00e9tablissement renomm\u00e9 que nous connaissons aujourd\u2019hui? Au tout d\u00e9but, il y avait une femme attentionn\u00e9e et d\u00e9termin\u00e9e du nom de Darlene Berringer qui, dans un sous-sol d\u2019\u00e9glise, dirigeait un programme de musique parascolaire pour sept \u00e9l\u00e8ves autistes. Gr\u00e2ce au bouche \u00e0 oreille, le programme a pris de l\u2019ampleur, jusqu\u2019\u00e0 [&hellip;]<\/p>\n","protected":false},"featured_media":29916,"comment_status":"closed","ping_status":"closed","template":"","tags":[],"stories_entries":[],"class_list":["post-30595","stories","type-stories","status-publish","has-post-thumbnail","hentry"],"acf":[],"yoast_head":"<!-- This site is optimized with the Yoast SEO plugin v27.3 - https:\/\/yoast.com\/product\/yoast-seo-wordpress\/ -->\n<title>\u00c0 Pas de G\u00e9ant : les pierres d\u2019assise - The Azrieli Foundation<\/title>\n<meta name=\"description\" content=\"Au Canada, il y a plus de 500\u202f000 adultes en \u00e2ge de travailler qui ont des d\u00e9ficiences intellectuelles ou sont autistes; pourtant, environ 88\u202f% d\u2019entre eux sont sans emploi ou sous-employ\u00e9s.\u00a0En f\u00e9vrier 2020, la Fondation Azrieli a organis\u00e9 un atelier afin d\u2019aider les organisations \u00e0 cr\u00e9er un plan d\u2019affaires pour les entreprises \u00e0 vocation sociale.\u00a0\" \/>\n<meta name=\"robots\" content=\"index, follow, max-snippet:-1, max-image-preview:large, max-video-preview:-1\" \/>\n<link rel=\"canonical\" href=\"https:\/\/azrielifoundation.org\/fr\/stories\/a-pas-de-geant-les-pierres-d-assise\/\" \/>\n<meta property=\"og:locale\" content=\"en_US\" \/>\n<meta property=\"og:type\" content=\"article\" \/>\n<meta property=\"og:title\" content=\"\u00c0 Pas de G\u00e9ant : les pierres d\u2019assise - The Azrieli Foundation\" \/>\n<meta property=\"og:description\" content=\"Au Canada, il y a plus de 500\u202f000 adultes en \u00e2ge de travailler qui ont des d\u00e9ficiences intellectuelles ou sont autistes; pourtant, environ 88\u202f% d\u2019entre eux sont sans emploi ou sous-employ\u00e9s.\u00a0En f\u00e9vrier 2020, la Fondation Azrieli a organis\u00e9 un atelier afin d\u2019aider les organisations \u00e0 cr\u00e9er un plan d\u2019affaires pour les entreprises \u00e0 vocation sociale.\u00a0\" \/>\n<meta property=\"og:url\" content=\"https:\/\/azrielifoundation.org\/fr\/stories\/a-pas-de-geant-les-pierres-d-assise\/\" \/>\n<meta property=\"og:site_name\" content=\"The Azrieli Foundation\" \/>\n<meta property=\"article:modified_time\" content=\"2023-04-03T13:20:52+00:00\" \/>\n<meta property=\"og:image\" content=\"https:\/\/azrielifoundation.org\/fr\/wp-content\/uploads\/2022\/12\/Header-Photo-New-Giant-Steps-Autism-Centre-scaled.jpeg\" \/>\n\t<meta property=\"og:image:width\" content=\"1920\" \/>\n\t<meta property=\"og:image:height\" content=\"1148\" \/>\n\t<meta property=\"og:image:type\" content=\"image\/jpeg\" \/>\n<meta name=\"twitter:card\" content=\"summary_large_image\" \/>\n<meta name=\"twitter:label1\" content=\"Est. reading time\" \/>\n\t<meta name=\"twitter:data1\" content=\"4 minutes\" \/>\n<script type=\"application\/ld+json\" class=\"yoast-schema-graph\">{\"@context\":\"https:\\\/\\\/schema.org\",\"@graph\":[{\"@type\":\"WebPage\",\"@id\":\"https:\\\/\\\/azrielifoundation.org\\\/fr\\\/stories\\\/a-pas-de-geant-les-pierres-d-assise\\\/\",\"url\":\"https:\\\/\\\/azrielifoundation.org\\\/fr\\\/stories\\\/a-pas-de-geant-les-pierres-d-assise\\\/\",\"name\":\"\u00c0 Pas de G\u00e9ant : les pierres d\u2019assise - The Azrieli Foundation\",\"isPartOf\":{\"@id\":\"https:\\\/\\\/azrielifoundation.org\\\/fr\\\/#website\"},\"primaryImageOfPage\":{\"@id\":\"https:\\\/\\\/azrielifoundation.org\\\/fr\\\/stories\\\/a-pas-de-geant-les-pierres-d-assise\\\/#primaryimage\"},\"image\":{\"@id\":\"https:\\\/\\\/azrielifoundation.org\\\/fr\\\/stories\\\/a-pas-de-geant-les-pierres-d-assise\\\/#primaryimage\"},\"thumbnailUrl\":\"https:\\\/\\\/azrielifoundation.org\\\/fr\\\/wp-content\\\/uploads\\\/2022\\\/12\\\/Header-Photo-New-Giant-Steps-Autism-Centre-scaled.jpeg\",\"datePublished\":\"2022-12-12T16:42:48+00:00\",\"dateModified\":\"2023-04-03T13:20:52+00:00\",\"description\":\"Au Canada, il y a plus de 500\u202f000 adultes en \u00e2ge de travailler qui ont des d\u00e9ficiences intellectuelles ou sont autistes; pourtant, environ 88\u202f% d\u2019entre eux sont sans emploi ou sous-employ\u00e9s.\u00a0En f\u00e9vrier 2020, la Fondation Azrieli a organis\u00e9 un atelier afin d\u2019aider les organisations \u00e0 cr\u00e9er un plan d\u2019affaires pour les entreprises \u00e0 vocation sociale.\u00a0\",\"breadcrumb\":{\"@id\":\"https:\\\/\\\/azrielifoundation.org\\\/fr\\\/stories\\\/a-pas-de-geant-les-pierres-d-assise\\\/#breadcrumb\"},\"inLanguage\":\"en-US\",\"potentialAction\":[{\"@type\":\"ReadAction\",\"target\":[\"https:\\\/\\\/azrielifoundation.org\\\/fr\\\/stories\\\/a-pas-de-geant-les-pierres-d-assise\\\/\"]}]},{\"@type\":\"ImageObject\",\"inLanguage\":\"en-US\",\"@id\":\"https:\\\/\\\/azrielifoundation.org\\\/fr\\\/stories\\\/a-pas-de-geant-les-pierres-d-assise\\\/#primaryimage\",\"url\":\"https:\\\/\\\/azrielifoundation.org\\\/fr\\\/wp-content\\\/uploads\\\/2022\\\/12\\\/Header-Photo-New-Giant-Steps-Autism-Centre-scaled.jpeg\",\"contentUrl\":\"https:\\\/\\\/azrielifoundation.org\\\/fr\\\/wp-content\\\/uploads\\\/2022\\\/12\\\/Header-Photo-New-Giant-Steps-Autism-Centre-scaled.jpeg\",\"width\":1920,\"height\":1148},{\"@type\":\"BreadcrumbList\",\"@id\":\"https:\\\/\\\/azrielifoundation.org\\\/fr\\\/stories\\\/a-pas-de-geant-les-pierres-d-assise\\\/#breadcrumb\",\"itemListElement\":[{\"@type\":\"ListItem\",\"position\":1,\"name\":\"Home\",\"item\":\"https:\\\/\\\/azrielifoundation.org\\\/fr\\\/\"},{\"@type\":\"ListItem\",\"position\":2,\"name\":\"\u00c0 Pas de G\u00e9ant : les pierres d\u2019assise\"}]},{\"@type\":\"WebSite\",\"@id\":\"https:\\\/\\\/azrielifoundation.org\\\/fr\\\/#website\",\"url\":\"https:\\\/\\\/azrielifoundation.org\\\/fr\\\/\",\"name\":\"The Azrieli Foundation\",\"description\":\"\",\"potentialAction\":[{\"@type\":\"SearchAction\",\"target\":{\"@type\":\"EntryPoint\",\"urlTemplate\":\"https:\\\/\\\/azrielifoundation.org\\\/fr\\\/?s={search_term_string}\"},\"query-input\":{\"@type\":\"PropertyValueSpecification\",\"valueRequired\":true,\"valueName\":\"search_term_string\"}}],\"inLanguage\":\"en-US\"}]}<\/script>\n<!-- \/ Yoast SEO plugin. -->","yoast_head_json":{"title":"\u00c0 Pas de G\u00e9ant : les pierres d\u2019assise - The Azrieli Foundation","description":"Au Canada, il y a plus de 500\u202f000 adultes en \u00e2ge de travailler qui ont des d\u00e9ficiences intellectuelles ou sont autistes; pourtant, environ 88\u202f% d\u2019entre eux sont sans emploi ou sous-employ\u00e9s.\u00a0En f\u00e9vrier 2020, la Fondation Azrieli a organis\u00e9 un atelier afin d\u2019aider les organisations \u00e0 cr\u00e9er un plan d\u2019affaires pour les entreprises \u00e0 vocation sociale.\u00a0","robots":{"index":"index","follow":"follow","max-snippet":"max-snippet:-1","max-image-preview":"max-image-preview:large","max-video-preview":"max-video-preview:-1"},"canonical":"https:\/\/azrielifoundation.org\/fr\/stories\/a-pas-de-geant-les-pierres-d-assise\/","og_locale":"en_US","og_type":"article","og_title":"\u00c0 Pas de G\u00e9ant : les pierres d\u2019assise - The Azrieli Foundation","og_description":"Au Canada, il y a plus de 500\u202f000 adultes en \u00e2ge de travailler qui ont des d\u00e9ficiences intellectuelles ou sont autistes; pourtant, environ 88\u202f% d\u2019entre eux sont sans emploi ou sous-employ\u00e9s.\u00a0En f\u00e9vrier 2020, la Fondation Azrieli a organis\u00e9 un atelier afin d\u2019aider les organisations \u00e0 cr\u00e9er un plan d\u2019affaires pour les entreprises \u00e0 vocation sociale.\u00a0","og_url":"https:\/\/azrielifoundation.org\/fr\/stories\/a-pas-de-geant-les-pierres-d-assise\/","og_site_name":"The Azrieli Foundation","article_modified_time":"2023-04-03T13:20:52+00:00","og_image":[{"width":1920,"height":1148,"url":"https:\/\/azrielifoundation.org\/fr\/wp-content\/uploads\/2022\/12\/Header-Photo-New-Giant-Steps-Autism-Centre-scaled.jpeg","type":"image\/jpeg"}],"twitter_card":"summary_large_image","twitter_misc":{"Est. reading time":"4 minutes"},"schema":{"@context":"https:\/\/schema.org","@graph":[{"@type":"WebPage","@id":"https:\/\/azrielifoundation.org\/fr\/stories\/a-pas-de-geant-les-pierres-d-assise\/","url":"https:\/\/azrielifoundation.org\/fr\/stories\/a-pas-de-geant-les-pierres-d-assise\/","name":"\u00c0 Pas de G\u00e9ant : les pierres d\u2019assise - The Azrieli Foundation","isPartOf":{"@id":"https:\/\/azrielifoundation.org\/fr\/#website"},"primaryImageOfPage":{"@id":"https:\/\/azrielifoundation.org\/fr\/stories\/a-pas-de-geant-les-pierres-d-assise\/#primaryimage"},"image":{"@id":"https:\/\/azrielifoundation.org\/fr\/stories\/a-pas-de-geant-les-pierres-d-assise\/#primaryimage"},"thumbnailUrl":"https:\/\/azrielifoundation.org\/fr\/wp-content\/uploads\/2022\/12\/Header-Photo-New-Giant-Steps-Autism-Centre-scaled.jpeg","datePublished":"2022-12-12T16:42:48+00:00","dateModified":"2023-04-03T13:20:52+00:00","description":"Au Canada, il y a plus de 500\u202f000 adultes en \u00e2ge de travailler qui ont des d\u00e9ficiences intellectuelles ou sont autistes; pourtant, environ 88\u202f% d\u2019entre eux sont sans emploi ou sous-employ\u00e9s.\u00a0En f\u00e9vrier 2020, la Fondation Azrieli a organis\u00e9 un atelier afin d\u2019aider les organisations \u00e0 cr\u00e9er un plan d\u2019affaires pour les entreprises \u00e0 vocation sociale.\u00a0","breadcrumb":{"@id":"https:\/\/azrielifoundation.org\/fr\/stories\/a-pas-de-geant-les-pierres-d-assise\/#breadcrumb"},"inLanguage":"en-US","potentialAction":[{"@type":"ReadAction","target":["https:\/\/azrielifoundation.org\/fr\/stories\/a-pas-de-geant-les-pierres-d-assise\/"]}]},{"@type":"ImageObject","inLanguage":"en-US","@id":"https:\/\/azrielifoundation.org\/fr\/stories\/a-pas-de-geant-les-pierres-d-assise\/#primaryimage","url":"https:\/\/azrielifoundation.org\/fr\/wp-content\/uploads\/2022\/12\/Header-Photo-New-Giant-Steps-Autism-Centre-scaled.jpeg","contentUrl":"https:\/\/azrielifoundation.org\/fr\/wp-content\/uploads\/2022\/12\/Header-Photo-New-Giant-Steps-Autism-Centre-scaled.jpeg","width":1920,"height":1148},{"@type":"BreadcrumbList","@id":"https:\/\/azrielifoundation.org\/fr\/stories\/a-pas-de-geant-les-pierres-d-assise\/#breadcrumb","itemListElement":[{"@type":"ListItem","position":1,"name":"Home","item":"https:\/\/azrielifoundation.org\/fr\/"},{"@type":"ListItem","position":2,"name":"\u00c0 Pas de G\u00e9ant : les pierres d\u2019assise"}]},{"@type":"WebSite","@id":"https:\/\/azrielifoundation.org\/fr\/#website","url":"https:\/\/azrielifoundation.org\/fr\/","name":"The Azrieli Foundation","description":"","potentialAction":[{"@type":"SearchAction","target":{"@type":"EntryPoint","urlTemplate":"https:\/\/azrielifoundation.org\/fr\/?s={search_term_string}"},"query-input":{"@type":"PropertyValueSpecification","valueRequired":true,"valueName":"search_term_string"}}],"inLanguage":"en-US"}]}},"_links":{"self":[{"href":"https:\/\/azrielifoundation.org\/fr\/wp-json\/wp\/v2\/stories\/30595","targetHints":{"allow":["GET"]}}],"collection":[{"href":"https:\/\/azrielifoundation.org\/fr\/wp-json\/wp\/v2\/stories"}],"about":[{"href":"https:\/\/azrielifoundation.org\/fr\/wp-json\/wp\/v2\/types\/stories"}],"replies":[{"embeddable":true,"href":"https:\/\/azrielifoundation.org\/fr\/wp-json\/wp\/v2\/comments?post=30595"}],"version-history":[{"count":2,"href":"https:\/\/azrielifoundation.org\/fr\/wp-json\/wp\/v2\/stories\/30595\/revisions"}],"predecessor-version":[{"id":68530,"href":"https:\/\/azrielifoundation.org\/fr\/wp-json\/wp\/v2\/stories\/30595\/revisions\/68530"}],"wp:featuredmedia":[{"embeddable":true,"href":"https:\/\/azrielifoundation.org\/fr\/wp-json\/wp\/v2\/media\/29916"}],"wp:attachment":[{"href":"https:\/\/azrielifoundation.org\/fr\/wp-json\/wp\/v2\/media?parent=30595"}],"wp:term":[{"taxonomy":"post_tag","embeddable":true,"href":"https:\/\/azrielifoundation.org\/fr\/wp-json\/wp\/v2\/tags?post=30595"},{"taxonomy":"stories_entries","embeddable":true,"href":"https:\/\/azrielifoundation.org\/fr\/wp-json\/wp\/v2\/stories_entries?post=30595"}],"curies":[{"name":"wp","href":"https:\/\/api.w.org\/{rel}","templated":true}]}}