{"id":30567,"date":"2022-10-14T14:41:55","date_gmt":"2022-10-14T14:41:55","guid":{"rendered":"https:\/\/theazrielifoundationfr.kinsta.cloud\/?post_type=stories&#038;p=30567"},"modified":"2023-04-03T13:23:32","modified_gmt":"2023-04-03T13:23:32","slug":"avancer-a-pas-de-geant-vers-l-excellence","status":"publish","type":"stories","link":"https:\/\/azrielifoundation.org\/fr\/stories\/avancer-a-pas-de-geant-vers-l-excellence\/","title":{"rendered":"Avancer \u00e0 pas de g\u00e9ant vers l\u2019excellence"},"content":{"rendered":"\r\n<h2 id=\"h-pour-ouvrir-la-porte-a-des-possibilites-pour-tous-il-faut-demanteler-les-barrieres-nous-savons-que-le-manque-d-acces-a-des-emplois-valorisants-et-bien-encadres-represente-l-un-des-nombreux-obstacles-systemiques-auxquels-sont-confrontees-les-personnes-neurodivergentes-au-canada-il-y-a-plus-de-500-000-adultes-en-age-de-travailler-qui-ont-des-deficiences-intellectuelles-ou-sont-autistes-pourtant-environ-88-d-entre-eux-sont-sans-emploi-ou-sous-employes\" class=\"has-text-align-center wp-block-heading\"><strong>La Fondation Azrieli vise \u00e0 ouvrir les portes menant \u00e0 des d\u00e9bouch\u00e9s pour tous. Nous aidons nos titulaires de subventions \u00e0 progresser dans leur travail et \u00e0 faire une diff\u00e9rence au sein de leurs communaut\u00e9s. <\/strong><\/h2>\r\n\r\n\r\n\n<figure class=\"wp-block-image aligncenter size-large\"><img loading=\"lazy\" decoding=\"async\" width=\"60\" height=\"50\" src=\"https:\/\/theazrielifoundationfr.kinsta.cloud\/wp-content\/uploads\/2019\/05\/yellow-horizontal-spacer.png\" alt=\"\" class=\"wp-image-20525\" srcset=\"https:\/\/azrielifoundation.org\/fr\/wp-content\/uploads\/2019\/05\/yellow-horizontal-spacer.png 60w, https:\/\/azrielifoundation.org\/fr\/wp-content\/uploads\/2019\/05\/yellow-horizontal-spacer-24x20.png 24w, https:\/\/azrielifoundation.org\/fr\/wp-content\/uploads\/2019\/05\/yellow-horizontal-spacer-36x30.png 36w, https:\/\/azrielifoundation.org\/fr\/wp-content\/uploads\/2019\/05\/yellow-horizontal-spacer-48x40.png 48w\" sizes=\"auto, (max-width: 60px) 100vw, 60px\" \/><\/figure>\n\r\n\r\n\r\n<p><span data-contrast=\"auto\">La communaut\u00e9 neurodivergente est souvent n\u00e9glig\u00e9e et manque de d\u00e9bouch\u00e9s. Nous croyons fermement en l\u2019importance de soutenir les personnes neurodivergentes et de travailler avec des organisations innovantes et ouvertes sur l\u2019avenir, afin d\u2019offrir des possibilit\u00e9s enrichissantes et des services de qualit\u00e9 \u00e0 ce groupe qui y a droit au m\u00eame titre que nous tous.<\/span><span data-ccp-props=\"{&quot;201341983&quot;:0,&quot;335559739&quot;:160,&quot;335559740&quot;:259}\">\u00a0<\/span><\/p>\r\n<p><a href=\"https:\/\/giantstepsmontreal.com\/fr\/\"><span data-contrast=\"none\">\u00c0 pas de g\u00e9ant,<\/span><\/a><span data-contrast=\"auto\">\u00a0une \u00e9cole priv\u00e9e de Montr\u00e9al qui accueille des \u00e9l\u00e8ves \u00e2g\u00e9s de quatre \u00e0 21 ans atteints de troubles du spectre de l\u2019autisme, en constitue un excellent exemple. L\u2019\u00e9cole a adopt\u00e9 de meilleures pratiques afin d\u2019offrir \u00e0 ses \u00e9l\u00e8ves toute l\u2019attention et le soutien dont ils ont besoin.<\/span><span data-ccp-props=\"{&quot;201341983&quot;:0,&quot;335559739&quot;:160,&quot;335559740&quot;:259}\">\u00a0<\/span><\/p>\r\n<p><span data-contrast=\"auto\">Jusque r\u00e9cemment, le manque d\u2019espace constituait le plus grand d\u00e9fi pour \u00c0 pas de g\u00e9ant. En effet, l\u2019\u00e9cole n\u2019\u00e9tait pas en mesure de r\u00e9pondre \u00e0 la demande et d\u2019offrir ses services de haute qualit\u00e9 \u00e0 tous ceux qui en avaient besoin. Gr\u00e2ce \u00e0 un don de 5 M$ de la Fondation Azrieli, la cr\u00e9ation d\u2019un nouveau centre d\u2019excellence permettra d\u2019accueillir plus d\u2019\u00e9l\u00e8ves et d\u2019offrir davantage de services et de programmes innovants.<\/span><span data-ccp-props=\"{&quot;201341983&quot;:0,&quot;335559739&quot;:160,&quot;335559740&quot;:259}\">\u00a0<\/span><\/p>\r\n<p><span data-contrast=\"auto\">\u00c0 pas de g\u00e9ant est fi\u00e8re de ses r\u00e9alisations dans les domaines de la recherche et de l\u2019innovation. Ses techniques d\u2019enseignement avanc\u00e9es aident les \u00e9l\u00e8ves \u00e0 se sentir en s\u00e9curit\u00e9, \u00e0 l\u2019aise et en contact avec les autres. Sa devise, en th\u00e9orie toute simple, se veut globale : \u00ab Inclusion 365 \u00bb. L\u2019\u00e9cole souhaite s\u2019imposer comme un exemple en mati\u00e8re d\u2019inclusion, et inciter les collectivit\u00e9s et les milieux de travail environnants \u00e0 embo\u00eeter le pas.<\/span><span data-ccp-props=\"{&quot;201341983&quot;:0,&quot;335559739&quot;:160,&quot;335559740&quot;:259}\">\u00a0<\/span><\/p>\r\n<p><span data-contrast=\"auto\">Ce nouveau centre d\u2019excellence novateur disposera d\u2019un espace vaste et bien \u00e9quip\u00e9, comprenant un laboratoire vivant, o\u00f9 la recherche, les observations et les d\u00e9couvertes auront lieu dans un environnement qui met \u00e0 l\u2019aise les \u00e9l\u00e8ves autistes. L\u2019observation de comportements spontan\u00e9s permettra d\u2019arriver \u00e0 des conclusions plus pr\u00e9cises et donnera lieu \u00e0 des d\u00e9couvertes qui profiteront \u00e0 l\u2019ensemble de la communaut\u00e9 neurodivergente.<\/span><span data-ccp-props=\"{&quot;201341983&quot;:0,&quot;335559739&quot;:160,&quot;335559740&quot;:259}\">\u00a0<\/span><\/p>\r\n<p><span data-contrast=\"auto\">Le travail exceptionnel r\u00e9alis\u00e9 par \u00c0 pas de g\u00e9ant rayonne au-del\u00e0 des salles de classe et des laboratoires. En effet, l\u2019\u00e9cole propose des programmes de pr\u00e9paration au travail et du soutien lors de la transition entre le monde \u00e9ducatif et le monde du travail. C\u2019est un partenaire qu\u00e9b\u00e9cois du programme d\u2019emploi Pr\u00eats, disponibles &amp; capables (PDC), qui met en relation des employeurs et des employ\u00e9s autistes.<\/span><span data-ccp-props=\"{&quot;201341983&quot;:0,&quot;335559739&quot;:160,&quot;335559740&quot;:259}\">\u00a0<\/span><\/p>\r\n<div id=\"attachment_29263\" style=\"width: 2570px\" class=\"wp-caption aligncenter\"><img loading=\"lazy\" decoding=\"async\" aria-describedby=\"caption-attachment-29263\" class=\"size-full wp-image-29263\" src=\"https:\/\/theazrielifoundationfr.kinsta.cloud\/wp-content\/uploads\/2022\/10\/Polaris-program-with-Loblaw-Companies-Ltd.-scaled.jpeg\" alt=\"\" width=\"2560\" height=\"1703\" srcset=\"https:\/\/azrielifoundation.org\/fr\/wp-content\/uploads\/2022\/10\/Polaris-program-with-Loblaw-Companies-Ltd.-scaled.jpeg 1920w, https:\/\/azrielifoundation.org\/fr\/wp-content\/uploads\/2022\/10\/Polaris-program-with-Loblaw-Companies-Ltd.-1030x685.jpeg 1030w, https:\/\/azrielifoundation.org\/fr\/wp-content\/uploads\/2022\/10\/Polaris-program-with-Loblaw-Companies-Ltd.-1536x1022.jpeg 1536w, https:\/\/azrielifoundation.org\/fr\/wp-content\/uploads\/2022\/10\/Polaris-program-with-Loblaw-Companies-Ltd.-2048x1363.jpeg 2048w, https:\/\/azrielifoundation.org\/fr\/wp-content\/uploads\/2022\/10\/Polaris-program-with-Loblaw-Companies-Ltd.-1500x998.jpeg 1500w, https:\/\/azrielifoundation.org\/fr\/wp-content\/uploads\/2022\/10\/Polaris-program-with-Loblaw-Companies-Ltd.-300x200.jpeg 300w, https:\/\/azrielifoundation.org\/fr\/wp-content\/uploads\/2022\/10\/Polaris-program-with-Loblaw-Companies-Ltd.-768x511.jpeg 768w, https:\/\/azrielifoundation.org\/fr\/wp-content\/uploads\/2022\/10\/Polaris-program-with-Loblaw-Companies-Ltd.-705x469.jpeg 705w, https:\/\/azrielifoundation.org\/fr\/wp-content\/uploads\/2022\/10\/Polaris-program-with-Loblaw-Companies-Ltd.-450x299.jpeg 450w, https:\/\/azrielifoundation.org\/fr\/wp-content\/uploads\/2022\/10\/Polaris-program-with-Loblaw-Companies-Ltd.-24x16.jpeg 24w, https:\/\/azrielifoundation.org\/fr\/wp-content\/uploads\/2022\/10\/Polaris-program-with-Loblaw-Companies-Ltd.-36x24.jpeg 36w, https:\/\/azrielifoundation.org\/fr\/wp-content\/uploads\/2022\/10\/Polaris-program-with-Loblaw-Companies-Ltd.-48x32.jpeg 48w\" sizes=\"auto, (max-width: 2560px) 100vw, 2560px\" \/><p id=\"caption-attachment-29263\" class=\"wp-caption-text\">Cr\u00e9dit : Programme Polaris en partenariat avec Compagnies Loblaws Limit\u00e9e<\/p><\/div>\r\n<p><span data-contrast=\"auto\">\u00c0 l\u2019\u00e2ge de 21 ans, les \u00e9l\u00e8ves neurodivergents cessent de relever du syst\u00e8me scolaire, qu\u2019ils quittent souvent sans avoir acquis les comp\u00e9tences dont ils ont besoin pour int\u00e9grer le march\u00e9 du travail avec succ\u00e8s. Gr\u00e2ce \u00e0 ses propres programmes internes, ainsi qu\u2019\u00e0 des partenariats avec les Compagnies\u00a0<\/span><span data-contrast=\"auto\">Loblaw Limit\u00e9e, St-Hubert et les H\u00f4tels Fairmont, \u00c0 pas de g\u00e9ant vise \u00e0 mieux pr\u00e9parer et soutenir les personnes autistes en qu\u00eate de travail, et \u00e0 sensibiliser les employeurs au sujet des avantages de s\u2019entourer d\u2019\u00e9quipes diversifi\u00e9es.<\/span><span data-ccp-props=\"{&quot;201341983&quot;:0,&quot;335559739&quot;:160,&quot;335559740&quot;:259}\">\u00a0<\/span><\/p>\r\n<p><span data-contrast=\"auto\">Dans un secteur o\u00f9 de nombreuses personnes ne re\u00e7oivent pas les services et le soutien dont elles ont besoin pour s\u2019\u00e9panouir, \u00c0 pas de g\u00e9ant comble les lacunes. La Fondation Azrieli est fi\u00e8re de contribuer \u00e0 faire une diff\u00e9rence dans la vie de tant d\u2019individus.<\/span><span data-ccp-props=\"{&quot;201341983&quot;:0,&quot;335559739&quot;:160,&quot;335559740&quot;:259}\">\u00a0<\/span><\/p>\r\n","protected":false},"excerpt":{"rendered":"<p>La Fondation Azrieli vise \u00e0 ouvrir les portes menant \u00e0 des d\u00e9bouch\u00e9s pour tous. Nous aidons nos titulaires de subventions \u00e0 progresser dans leur travail et \u00e0 faire une diff\u00e9rence au sein de leurs communaut\u00e9s. La communaut\u00e9 neurodivergente est souvent n\u00e9glig\u00e9e et manque de d\u00e9bouch\u00e9s. Nous croyons fermement en l\u2019importance de soutenir les personnes neurodivergentes [&hellip;]<\/p>\n","protected":false},"featured_media":29264,"comment_status":"closed","ping_status":"closed","template":"","tags":[],"stories_entries":[],"class_list":["post-30567","stories","type-stories","status-publish","has-post-thumbnail","hentry"],"acf":[],"yoast_head":"<!-- This site is optimized with the Yoast SEO plugin v27.3 - https:\/\/yoast.com\/product\/yoast-seo-wordpress\/ -->\n<title>Avancer \u00e0 pas de g\u00e9ant vers l\u2019excellence - The Azrieli Foundation<\/title>\n<meta name=\"description\" content=\"Au Canada, il y a plus de 500\u202f000 adultes en \u00e2ge de travailler qui ont des d\u00e9ficiences intellectuelles ou sont autistes; pourtant, environ 88\u202f% d\u2019entre eux sont sans emploi ou sous-employ\u00e9s.\u00a0En f\u00e9vrier 2020, la Fondation Azrieli a organis\u00e9 un atelier afin d\u2019aider les organisations \u00e0 cr\u00e9er un plan d\u2019affaires pour les entreprises \u00e0 vocation sociale.\u00a0\" \/>\n<meta name=\"robots\" content=\"index, follow, max-snippet:-1, max-image-preview:large, max-video-preview:-1\" \/>\n<link rel=\"canonical\" href=\"https:\/\/azrielifoundation.org\/fr\/stories\/avancer-a-pas-de-geant-vers-l-excellence\/\" \/>\n<meta property=\"og:locale\" content=\"en_US\" \/>\n<meta property=\"og:type\" content=\"article\" \/>\n<meta property=\"og:title\" content=\"Avancer \u00e0 pas de g\u00e9ant vers l\u2019excellence - The Azrieli Foundation\" \/>\n<meta property=\"og:description\" content=\"Au Canada, il y a plus de 500\u202f000 adultes en \u00e2ge de travailler qui ont des d\u00e9ficiences intellectuelles ou sont autistes; pourtant, environ 88\u202f% d\u2019entre eux sont sans emploi ou sous-employ\u00e9s.\u00a0En f\u00e9vrier 2020, la Fondation Azrieli a organis\u00e9 un atelier afin d\u2019aider les organisations \u00e0 cr\u00e9er un plan d\u2019affaires pour les entreprises \u00e0 vocation sociale.\u00a0\" \/>\n<meta property=\"og:url\" content=\"https:\/\/azrielifoundation.org\/fr\/stories\/avancer-a-pas-de-geant-vers-l-excellence\/\" \/>\n<meta property=\"og:site_name\" content=\"The Azrieli Foundation\" \/>\n<meta property=\"article:modified_time\" content=\"2023-04-03T13:23:32+00:00\" \/>\n<meta property=\"og:image\" content=\"https:\/\/azrielifoundation.org\/fr\/wp-content\/uploads\/2022\/10\/Giant-Steps-School-during-the-Autism-Acceptance-Walk-scaled.jpeg\" \/>\n\t<meta property=\"og:image:width\" content=\"1920\" \/>\n\t<meta property=\"og:image:height\" content=\"1277\" \/>\n\t<meta property=\"og:image:type\" content=\"image\/jpeg\" \/>\n<meta name=\"twitter:card\" content=\"summary_large_image\" \/>\n<meta name=\"twitter:label1\" content=\"Est. reading time\" \/>\n\t<meta name=\"twitter:data1\" content=\"4 minutes\" \/>\n<script type=\"application\/ld+json\" class=\"yoast-schema-graph\">{\"@context\":\"https:\\\/\\\/schema.org\",\"@graph\":[{\"@type\":\"WebPage\",\"@id\":\"https:\\\/\\\/azrielifoundation.org\\\/fr\\\/stories\\\/avancer-a-pas-de-geant-vers-l-excellence\\\/\",\"url\":\"https:\\\/\\\/azrielifoundation.org\\\/fr\\\/stories\\\/avancer-a-pas-de-geant-vers-l-excellence\\\/\",\"name\":\"Avancer \u00e0 pas de g\u00e9ant vers l\u2019excellence - The Azrieli Foundation\",\"isPartOf\":{\"@id\":\"https:\\\/\\\/azrielifoundation.org\\\/fr\\\/#website\"},\"primaryImageOfPage\":{\"@id\":\"https:\\\/\\\/azrielifoundation.org\\\/fr\\\/stories\\\/avancer-a-pas-de-geant-vers-l-excellence\\\/#primaryimage\"},\"image\":{\"@id\":\"https:\\\/\\\/azrielifoundation.org\\\/fr\\\/stories\\\/avancer-a-pas-de-geant-vers-l-excellence\\\/#primaryimage\"},\"thumbnailUrl\":\"https:\\\/\\\/azrielifoundation.org\\\/fr\\\/wp-content\\\/uploads\\\/2022\\\/10\\\/Giant-Steps-School-during-the-Autism-Acceptance-Walk-scaled.jpeg\",\"datePublished\":\"2022-10-14T14:41:55+00:00\",\"dateModified\":\"2023-04-03T13:23:32+00:00\",\"description\":\"Au Canada, il y a plus de 500\u202f000 adultes en \u00e2ge de travailler qui ont des d\u00e9ficiences intellectuelles ou sont autistes; pourtant, environ 88\u202f% d\u2019entre eux sont sans emploi ou sous-employ\u00e9s.\u00a0En f\u00e9vrier 2020, la Fondation Azrieli a organis\u00e9 un atelier afin d\u2019aider les organisations \u00e0 cr\u00e9er un plan d\u2019affaires pour les entreprises \u00e0 vocation sociale.\u00a0\",\"breadcrumb\":{\"@id\":\"https:\\\/\\\/azrielifoundation.org\\\/fr\\\/stories\\\/avancer-a-pas-de-geant-vers-l-excellence\\\/#breadcrumb\"},\"inLanguage\":\"en-US\",\"potentialAction\":[{\"@type\":\"ReadAction\",\"target\":[\"https:\\\/\\\/azrielifoundation.org\\\/fr\\\/stories\\\/avancer-a-pas-de-geant-vers-l-excellence\\\/\"]}]},{\"@type\":\"ImageObject\",\"inLanguage\":\"en-US\",\"@id\":\"https:\\\/\\\/azrielifoundation.org\\\/fr\\\/stories\\\/avancer-a-pas-de-geant-vers-l-excellence\\\/#primaryimage\",\"url\":\"https:\\\/\\\/azrielifoundation.org\\\/fr\\\/wp-content\\\/uploads\\\/2022\\\/10\\\/Giant-Steps-School-during-the-Autism-Acceptance-Walk-scaled.jpeg\",\"contentUrl\":\"https:\\\/\\\/azrielifoundation.org\\\/fr\\\/wp-content\\\/uploads\\\/2022\\\/10\\\/Giant-Steps-School-during-the-Autism-Acceptance-Walk-scaled.jpeg\",\"width\":1920,\"height\":1277},{\"@type\":\"BreadcrumbList\",\"@id\":\"https:\\\/\\\/azrielifoundation.org\\\/fr\\\/stories\\\/avancer-a-pas-de-geant-vers-l-excellence\\\/#breadcrumb\",\"itemListElement\":[{\"@type\":\"ListItem\",\"position\":1,\"name\":\"Home\",\"item\":\"https:\\\/\\\/azrielifoundation.org\\\/fr\\\/\"},{\"@type\":\"ListItem\",\"position\":2,\"name\":\"Avancer \u00e0 pas de g\u00e9ant vers l\u2019excellence\"}]},{\"@type\":\"WebSite\",\"@id\":\"https:\\\/\\\/azrielifoundation.org\\\/fr\\\/#website\",\"url\":\"https:\\\/\\\/azrielifoundation.org\\\/fr\\\/\",\"name\":\"The Azrieli Foundation\",\"description\":\"\",\"potentialAction\":[{\"@type\":\"SearchAction\",\"target\":{\"@type\":\"EntryPoint\",\"urlTemplate\":\"https:\\\/\\\/azrielifoundation.org\\\/fr\\\/?s={search_term_string}\"},\"query-input\":{\"@type\":\"PropertyValueSpecification\",\"valueRequired\":true,\"valueName\":\"search_term_string\"}}],\"inLanguage\":\"en-US\"}]}<\/script>\n<!-- \/ Yoast SEO plugin. -->","yoast_head_json":{"title":"Avancer \u00e0 pas de g\u00e9ant vers l\u2019excellence - The Azrieli Foundation","description":"Au Canada, il y a plus de 500\u202f000 adultes en \u00e2ge de travailler qui ont des d\u00e9ficiences intellectuelles ou sont autistes; pourtant, environ 88\u202f% d\u2019entre eux sont sans emploi ou sous-employ\u00e9s.\u00a0En f\u00e9vrier 2020, la Fondation Azrieli a organis\u00e9 un atelier afin d\u2019aider les organisations \u00e0 cr\u00e9er un plan d\u2019affaires pour les entreprises \u00e0 vocation sociale.\u00a0","robots":{"index":"index","follow":"follow","max-snippet":"max-snippet:-1","max-image-preview":"max-image-preview:large","max-video-preview":"max-video-preview:-1"},"canonical":"https:\/\/azrielifoundation.org\/fr\/stories\/avancer-a-pas-de-geant-vers-l-excellence\/","og_locale":"en_US","og_type":"article","og_title":"Avancer \u00e0 pas de g\u00e9ant vers l\u2019excellence - The Azrieli Foundation","og_description":"Au Canada, il y a plus de 500\u202f000 adultes en \u00e2ge de travailler qui ont des d\u00e9ficiences intellectuelles ou sont autistes; pourtant, environ 88\u202f% d\u2019entre eux sont sans emploi ou sous-employ\u00e9s.\u00a0En f\u00e9vrier 2020, la Fondation Azrieli a organis\u00e9 un atelier afin d\u2019aider les organisations \u00e0 cr\u00e9er un plan d\u2019affaires pour les entreprises \u00e0 vocation sociale.\u00a0","og_url":"https:\/\/azrielifoundation.org\/fr\/stories\/avancer-a-pas-de-geant-vers-l-excellence\/","og_site_name":"The Azrieli Foundation","article_modified_time":"2023-04-03T13:23:32+00:00","og_image":[{"width":1920,"height":1277,"url":"https:\/\/azrielifoundation.org\/fr\/wp-content\/uploads\/2022\/10\/Giant-Steps-School-during-the-Autism-Acceptance-Walk-scaled.jpeg","type":"image\/jpeg"}],"twitter_card":"summary_large_image","twitter_misc":{"Est. reading time":"4 minutes"},"schema":{"@context":"https:\/\/schema.org","@graph":[{"@type":"WebPage","@id":"https:\/\/azrielifoundation.org\/fr\/stories\/avancer-a-pas-de-geant-vers-l-excellence\/","url":"https:\/\/azrielifoundation.org\/fr\/stories\/avancer-a-pas-de-geant-vers-l-excellence\/","name":"Avancer \u00e0 pas de g\u00e9ant vers l\u2019excellence - The Azrieli Foundation","isPartOf":{"@id":"https:\/\/azrielifoundation.org\/fr\/#website"},"primaryImageOfPage":{"@id":"https:\/\/azrielifoundation.org\/fr\/stories\/avancer-a-pas-de-geant-vers-l-excellence\/#primaryimage"},"image":{"@id":"https:\/\/azrielifoundation.org\/fr\/stories\/avancer-a-pas-de-geant-vers-l-excellence\/#primaryimage"},"thumbnailUrl":"https:\/\/azrielifoundation.org\/fr\/wp-content\/uploads\/2022\/10\/Giant-Steps-School-during-the-Autism-Acceptance-Walk-scaled.jpeg","datePublished":"2022-10-14T14:41:55+00:00","dateModified":"2023-04-03T13:23:32+00:00","description":"Au Canada, il y a plus de 500\u202f000 adultes en \u00e2ge de travailler qui ont des d\u00e9ficiences intellectuelles ou sont autistes; pourtant, environ 88\u202f% d\u2019entre eux sont sans emploi ou sous-employ\u00e9s.\u00a0En f\u00e9vrier 2020, la Fondation Azrieli a organis\u00e9 un atelier afin d\u2019aider les organisations \u00e0 cr\u00e9er un plan d\u2019affaires pour les entreprises \u00e0 vocation sociale.\u00a0","breadcrumb":{"@id":"https:\/\/azrielifoundation.org\/fr\/stories\/avancer-a-pas-de-geant-vers-l-excellence\/#breadcrumb"},"inLanguage":"en-US","potentialAction":[{"@type":"ReadAction","target":["https:\/\/azrielifoundation.org\/fr\/stories\/avancer-a-pas-de-geant-vers-l-excellence\/"]}]},{"@type":"ImageObject","inLanguage":"en-US","@id":"https:\/\/azrielifoundation.org\/fr\/stories\/avancer-a-pas-de-geant-vers-l-excellence\/#primaryimage","url":"https:\/\/azrielifoundation.org\/fr\/wp-content\/uploads\/2022\/10\/Giant-Steps-School-during-the-Autism-Acceptance-Walk-scaled.jpeg","contentUrl":"https:\/\/azrielifoundation.org\/fr\/wp-content\/uploads\/2022\/10\/Giant-Steps-School-during-the-Autism-Acceptance-Walk-scaled.jpeg","width":1920,"height":1277},{"@type":"BreadcrumbList","@id":"https:\/\/azrielifoundation.org\/fr\/stories\/avancer-a-pas-de-geant-vers-l-excellence\/#breadcrumb","itemListElement":[{"@type":"ListItem","position":1,"name":"Home","item":"https:\/\/azrielifoundation.org\/fr\/"},{"@type":"ListItem","position":2,"name":"Avancer \u00e0 pas de g\u00e9ant vers l\u2019excellence"}]},{"@type":"WebSite","@id":"https:\/\/azrielifoundation.org\/fr\/#website","url":"https:\/\/azrielifoundation.org\/fr\/","name":"The Azrieli Foundation","description":"","potentialAction":[{"@type":"SearchAction","target":{"@type":"EntryPoint","urlTemplate":"https:\/\/azrielifoundation.org\/fr\/?s={search_term_string}"},"query-input":{"@type":"PropertyValueSpecification","valueRequired":true,"valueName":"search_term_string"}}],"inLanguage":"en-US"}]}},"_links":{"self":[{"href":"https:\/\/azrielifoundation.org\/fr\/wp-json\/wp\/v2\/stories\/30567","targetHints":{"allow":["GET"]}}],"collection":[{"href":"https:\/\/azrielifoundation.org\/fr\/wp-json\/wp\/v2\/stories"}],"about":[{"href":"https:\/\/azrielifoundation.org\/fr\/wp-json\/wp\/v2\/types\/stories"}],"replies":[{"embeddable":true,"href":"https:\/\/azrielifoundation.org\/fr\/wp-json\/wp\/v2\/comments?post=30567"}],"version-history":[{"count":2,"href":"https:\/\/azrielifoundation.org\/fr\/wp-json\/wp\/v2\/stories\/30567\/revisions"}],"predecessor-version":[{"id":31265,"href":"https:\/\/azrielifoundation.org\/fr\/wp-json\/wp\/v2\/stories\/30567\/revisions\/31265"}],"wp:featuredmedia":[{"embeddable":true,"href":"https:\/\/azrielifoundation.org\/fr\/wp-json\/wp\/v2\/media\/29264"}],"wp:attachment":[{"href":"https:\/\/azrielifoundation.org\/fr\/wp-json\/wp\/v2\/media?parent=30567"}],"wp:term":[{"taxonomy":"post_tag","embeddable":true,"href":"https:\/\/azrielifoundation.org\/fr\/wp-json\/wp\/v2\/tags?post=30567"},{"taxonomy":"stories_entries","embeddable":true,"href":"https:\/\/azrielifoundation.org\/fr\/wp-json\/wp\/v2\/stories_entries?post=30567"}],"curies":[{"name":"wp","href":"https:\/\/api.w.org\/{rel}","templated":true}]}}