{"id":30562,"date":"2022-10-13T16:46:14","date_gmt":"2022-10-13T16:46:14","guid":{"rendered":"https:\/\/theazrielifoundationfr.kinsta.cloud\/?post_type=stories&#038;p=30562"},"modified":"2023-04-03T13:23:51","modified_gmt":"2023-04-03T13:23:51","slug":"recalibrer-et-renouveler-le-secteur-des-arts","status":"publish","type":"stories","link":"https:\/\/azrielifoundation.org\/fr\/stories\/recalibrer-et-renouveler-le-secteur-des-arts\/","title":{"rendered":"Recalibrer et renouveler le secteur des arts"},"content":{"rendered":"\r\n\r\n\r\n<p>Lorsque la COVID-19 s\u2019est r\u00e9pandue \u00e0 travers le monde au printemps 2020, les organisations artistiques et culturelles canadiennes ont interrompu leurs op\u00e9rations. Les performances devant un public ont \u00e9t\u00e9 annul\u00e9es, les mus\u00e9es ont ferm\u00e9 leurs portes et les enfants ne pouvaient plus se r\u00e9unir pour suivre des cours de musique.<\/p>\r\n<p>Par cons\u00e9quent, la pand\u00e9mie a eu une incidence majeure sur la capacit\u00e9 de gain de dizaines de milliers de Canadiens \u00e9voluant dans ce secteur.<\/p>\r\n<p>\u00ab Les arts, c\u2019est avant tout les gens \u00bb, rappelle Barry Hughson, directeur g\u00e9n\u00e9ral du Ballet national du Canada, l\u2019une des 114 organisations du secteur des arts et de la culture \u00e0 recevoir du financement de la Fondation Azrieli. \u00ab Au d\u00e9but de la pand\u00e9mie, ma principale pr\u00e9occupation \u00e9tait de d\u00e9terminer comment nous allions prendre soin de nos artistes et de notre personnel. \u00bb<\/p>\r\n<blockquote>\r\n<p>\u00ab La Fondation a donc pris un peu de recul et s\u2019est demand\u00e9 : \u00ab Que pouvons-nous faire pour aider le secteur \u00e0 se remettre et \u00e0 red\u00e9marrer ? \u00bb<\/p>\r\n<\/blockquote>\r\n<p>La Fondation Azrieli a d\u00e9bours\u00e9 des fonds d\u2019urgence aux organisations du secteur des arts afin de venir en aide aux artistes, en attendant que les programmes gouvernementaux embo\u00eetent le pas. Mais nous savions \u00e9galement qu\u2019il serait tout aussi important de verser des fonds six mois apr\u00e8s le d\u00e9but de la pand\u00e9mie, alors que les r\u00e9serves des b\u00e9n\u00e9ficiaires commen\u00e7aient \u00e0 manquer dans une situation de crise et d\u2019incertitude prolong\u00e9es. La Fondation a donc pris un peu de recul et s\u2019est demand\u00e9 : \u00ab Que pouvons-nous faire pour aider le secteur \u00e0 se remettre et \u00e0 red\u00e9marrer ? \u00bb<\/p>\r\n<p><span data-contrast=\"none\">Apr\u00e8s avoir consult\u00e9 la communaut\u00e9 des arts et de la culture, nous avons vers\u00e9 en 2020 environ 1 M$, r\u00e9parti parmi plus de 40 groupes. Et nous avons fait la m\u00eame chose en 2021.<\/span><span data-ccp-props=\"{&quot;201341983&quot;:0,&quot;335559739&quot;:160,&quot;335559740&quot;:259}\">\u00a0<\/span><\/p>\r\n<p><span data-contrast=\"none\">Ce soutien a aid\u00e9 les organisations \u00e0 repenser et \u00e0 \u00e9largir leur offre culturelle de mani\u00e8re \u00e0 pouvoir garder leur personnel et continuer de divertir, d\u2019\u00e9duquer et d\u2019inspirer leur public. Pour plusieurs de ces groupes, cela s\u2019est traduit par l\u2019adoption d\u2019une strat\u00e9gie num\u00e9rique \u00e9chelonn\u00e9e sur plusieurs ann\u00e9es.<\/span><span data-ccp-props=\"{&quot;201341983&quot;:0,&quot;335559739&quot;:160,&quot;335559740&quot;:259}\">\u00a0<\/span><\/p>\r\n<p><span data-contrast=\"none\">Pour son centenaire, le\u00a0<\/span><a href=\"https:\/\/www.musee-mccord-stewart.ca\/fr\/\"><span data-contrast=\"none\">Mus\u00e9e McCord Stewart<\/span><\/a><span data-contrast=\"none\">\u00a0voulait cr\u00e9er une plateforme en ligne libre d\u2019acc\u00e8s, contenant des descriptions bilingues de plus de 140 000 objets, photos et documents d\u2019archives tir\u00e9s de ses collections. Lanc\u00e9e avec le soutien de la Fondation Azrieli, sa nouvelle plateforme, Collections en ligne, s\u2019inscrit dans la mission sociale du mus\u00e9e, qui est de rendre son patrimoine collectif accessible \u00e0 un plus vaste public.<\/span><span data-ccp-props=\"{&quot;201341983&quot;:0,&quot;335559739&quot;:160,&quot;335559740&quot;:259}\">\u00a0<\/span><\/p>\r\n<div id=\"attachment_29267\" style=\"width: 205px\" class=\"wp-caption aligncenter\"><img loading=\"lazy\" decoding=\"async\" aria-describedby=\"caption-attachment-29267\" class=\"wp-image-29267 size-medium\" src=\"https:\/\/theazrielifoundationfr.kinsta.cloud\/wp-content\/uploads\/2022\/10\/mccord-Photo-Denise-Philippon-Muse\u0301e-McCord-Stewart-195x300.jpg\" alt=\"\" width=\"195\" height=\"300\" srcset=\"https:\/\/azrielifoundation.org\/fr\/wp-content\/uploads\/2022\/10\/mccord-Photo-Denise-Philippon-Muse\u0301e-McCord-Stewart-195x300.jpg 195w, https:\/\/azrielifoundation.org\/fr\/wp-content\/uploads\/2022\/10\/mccord-Photo-Denise-Philippon-Muse\u0301e-McCord-Stewart-671x1030.jpg 671w, https:\/\/azrielifoundation.org\/fr\/wp-content\/uploads\/2022\/10\/mccord-Photo-Denise-Philippon-Muse\u0301e-McCord-Stewart-768x1179.jpg 768w, https:\/\/azrielifoundation.org\/fr\/wp-content\/uploads\/2022\/10\/mccord-Photo-Denise-Philippon-Muse\u0301e-McCord-Stewart-1000x1536.jpg 1000w, https:\/\/azrielifoundation.org\/fr\/wp-content\/uploads\/2022\/10\/mccord-Photo-Denise-Philippon-Muse\u0301e-McCord-Stewart-977x1500.jpg 977w, https:\/\/azrielifoundation.org\/fr\/wp-content\/uploads\/2022\/10\/mccord-Photo-Denise-Philippon-Muse\u0301e-McCord-Stewart-1334x2048.jpg 1334w, https:\/\/azrielifoundation.org\/fr\/wp-content\/uploads\/2022\/10\/mccord-Photo-Denise-Philippon-Muse\u0301e-McCord-Stewart-459x705.jpg 459w, https:\/\/azrielifoundation.org\/fr\/wp-content\/uploads\/2022\/10\/mccord-Photo-Denise-Philippon-Muse\u0301e-McCord-Stewart-450x691.jpg 450w, https:\/\/azrielifoundation.org\/fr\/wp-content\/uploads\/2022\/10\/mccord-Photo-Denise-Philippon-Muse\u0301e-McCord-Stewart-16x24.jpg 16w, https:\/\/azrielifoundation.org\/fr\/wp-content\/uploads\/2022\/10\/mccord-Photo-Denise-Philippon-Muse\u0301e-McCord-Stewart-23x36.jpg 23w, https:\/\/azrielifoundation.org\/fr\/wp-content\/uploads\/2022\/10\/mccord-Photo-Denise-Philippon-Muse\u0301e-McCord-Stewart-31x48.jpg 31w, https:\/\/azrielifoundation.org\/fr\/wp-content\/uploads\/2022\/10\/mccord-Photo-Denise-Philippon-Muse\u0301e-McCord-Stewart-scaled.jpg 1250w\" sizes=\"auto, (max-width: 195px) 100vw, 195px\" \/><p id=\"caption-attachment-29267\" class=\"wp-caption-text\">Cr\u00e9dit : Denise Philippon, Mus\u00e9e McCord<\/p><\/div>\r\n<p><\/p>\r\n<p>Quant \u00e0 la Compagnie d\u2019op\u00e9ra canadienne et au Ballet national du Canada, ces deux compagnies ont profit\u00e9 du soutien de la Fondation pour acc\u00e9l\u00e9rer leur collaboration \u00e0 la mise en \u0153uvre de leur sc\u00e8ne num\u00e9rique. Toutes deux h\u00e9berg\u00e9es au Four Seasons Centre for the Performing Arts \u00e0 Toronto, elles ont pu s\u2019\u00e9quiper de cam\u00e9ras robotis\u00e9es sophistiqu\u00e9es, ainsi que de nouveaux appareils de diffusion et de traitement des donn\u00e9es. Cette infrastructure permet d\u00e9sormais \u00e0 ces partenaires de diffuser leurs contenus en continu \u00e0 travers le monde, en plus de faciliter le contact entre artistes.<\/p>\r\n<div id=\"attachment_29266\" style=\"width: 1040px\" class=\"wp-caption aligncenter\"><img loading=\"lazy\" decoding=\"async\" aria-describedby=\"caption-attachment-29266\" class=\"wp-image-29266 size-large\" src=\"https:\/\/theazrielifoundationfr.kinsta.cloud\/wp-content\/uploads\/2022\/10\/COC-Photo-Canadian-Opera-Company-1030x579.jpeg\" alt=\"\" width=\"1030\" height=\"579\" srcset=\"https:\/\/azrielifoundation.org\/fr\/wp-content\/uploads\/2022\/10\/COC-Photo-Canadian-Opera-Company-1030x579.jpeg 1030w, https:\/\/azrielifoundation.org\/fr\/wp-content\/uploads\/2022\/10\/COC-Photo-Canadian-Opera-Company-300x169.jpeg 300w, https:\/\/azrielifoundation.org\/fr\/wp-content\/uploads\/2022\/10\/COC-Photo-Canadian-Opera-Company-768x432.jpeg 768w, https:\/\/azrielifoundation.org\/fr\/wp-content\/uploads\/2022\/10\/COC-Photo-Canadian-Opera-Company-1536x864.jpeg 1536w, https:\/\/azrielifoundation.org\/fr\/wp-content\/uploads\/2022\/10\/COC-Photo-Canadian-Opera-Company-2048x1152.jpeg 2048w, https:\/\/azrielifoundation.org\/fr\/wp-content\/uploads\/2022\/10\/COC-Photo-Canadian-Opera-Company-1500x844.jpeg 1500w, https:\/\/azrielifoundation.org\/fr\/wp-content\/uploads\/2022\/10\/COC-Photo-Canadian-Opera-Company-705x397.jpeg 705w, https:\/\/azrielifoundation.org\/fr\/wp-content\/uploads\/2022\/10\/COC-Photo-Canadian-Opera-Company-450x253.jpeg 450w, https:\/\/azrielifoundation.org\/fr\/wp-content\/uploads\/2022\/10\/COC-Photo-Canadian-Opera-Company-24x14.jpeg 24w, https:\/\/azrielifoundation.org\/fr\/wp-content\/uploads\/2022\/10\/COC-Photo-Canadian-Opera-Company-36x20.jpeg 36w, https:\/\/azrielifoundation.org\/fr\/wp-content\/uploads\/2022\/10\/COC-Photo-Canadian-Opera-Company-48x27.jpeg 48w, https:\/\/azrielifoundation.org\/fr\/wp-content\/uploads\/2022\/10\/COC-Photo-Canadian-Opera-Company-scaled.jpeg 1920w\" sizes=\"auto, (max-width: 1030px) 100vw, 1030px\" \/><p id=\"caption-attachment-29266\" class=\"wp-caption-text\">Cr\u00e9dit : Compagnie d\u2019Op\u00e9ra Canadienne<\/p><\/div>\r\n<p>Aux quatre coins du pays, les programmes de formation musicale inspir\u00e9s par Sistema offrent des cours dans le cadre d\u2019ensembles musicaux \u00e0 l\u2019intention des enfants issus de communaut\u00e9s inad\u00e9quatement desservies. Au d\u00e9but de la pand\u00e9mie, ces organisations ont d\u2019abord travers\u00e9 la crise en permettant aux jeunes d\u2019apporter des instruments \u00e0 domicile et en proposant leurs cours en ligne. Pour s\u2019assurer de demeurer accessibles \u00e0 leurs \u00e9l\u00e8ves et de continuer d\u2019offrir un environnement stable et stimulant pour les aider \u00e0 surmonter les effets n\u00e9fastes de la pand\u00e9mie, les organisations Sistema ont fait \u00e9quipe pour partager leurs connaissances et leurs ressources.<\/p>\r\n<p>Gr\u00e2ce aux conseils et au financement de la Fondation Azrieli, le R\u00e9seau Sistema Canada a \u00e9t\u00e9 cr\u00e9\u00e9. Le but principal de ce r\u00e9seau est d\u2019appuyer, d\u2019enrichir et d\u2019acc\u00e9l\u00e9rer l\u2019impact des organisations qui se sont engag\u00e9es \u00e0 apporter des changements sociaux positifs au moyen de la formation musicale.<\/p>\r\n<div id=\"attachment_29265\" style=\"width: 1040px\" class=\"wp-caption aligncenter\"><img loading=\"lazy\" decoding=\"async\" aria-describedby=\"caption-attachment-29265\" class=\"wp-image-29265 size-large\" src=\"https:\/\/theazrielifoundationfr.kinsta.cloud\/wp-content\/uploads\/2022\/10\/national-ballet-Photo-Karolina-Kuras-1030x687.jpeg\" alt=\"\" width=\"1030\" height=\"687\" srcset=\"https:\/\/azrielifoundation.org\/fr\/wp-content\/uploads\/2022\/10\/national-ballet-Photo-Karolina-Kuras-1030x687.jpeg 1030w, https:\/\/azrielifoundation.org\/fr\/wp-content\/uploads\/2022\/10\/national-ballet-Photo-Karolina-Kuras-2048x1365.jpeg 2048w, https:\/\/azrielifoundation.org\/fr\/wp-content\/uploads\/2022\/10\/national-ballet-Photo-Karolina-Kuras-300x200.jpeg 300w, https:\/\/azrielifoundation.org\/fr\/wp-content\/uploads\/2022\/10\/national-ballet-Photo-Karolina-Kuras-768x512.jpeg 768w, https:\/\/azrielifoundation.org\/fr\/wp-content\/uploads\/2022\/10\/national-ballet-Photo-Karolina-Kuras-1536x1024.jpeg 1536w, https:\/\/azrielifoundation.org\/fr\/wp-content\/uploads\/2022\/10\/national-ballet-Photo-Karolina-Kuras-1500x1000.jpeg 1500w, https:\/\/azrielifoundation.org\/fr\/wp-content\/uploads\/2022\/10\/national-ballet-Photo-Karolina-Kuras-705x470.jpeg 705w, https:\/\/azrielifoundation.org\/fr\/wp-content\/uploads\/2022\/10\/national-ballet-Photo-Karolina-Kuras-450x300.jpeg 450w, https:\/\/azrielifoundation.org\/fr\/wp-content\/uploads\/2022\/10\/national-ballet-Photo-Karolina-Kuras-24x16.jpeg 24w, https:\/\/azrielifoundation.org\/fr\/wp-content\/uploads\/2022\/10\/national-ballet-Photo-Karolina-Kuras-36x24.jpeg 36w, https:\/\/azrielifoundation.org\/fr\/wp-content\/uploads\/2022\/10\/national-ballet-Photo-Karolina-Kuras-48x32.jpeg 48w, https:\/\/azrielifoundation.org\/fr\/wp-content\/uploads\/2022\/10\/national-ballet-Photo-Karolina-Kuras-scaled.jpeg 1920w\" sizes=\"auto, (max-width: 1030px) 100vw, 1030px\" \/><p id=\"caption-attachment-29265\" class=\"wp-caption-text\">Cr\u00e9dit : Karolina Krauss<\/p><\/div>\r\n<blockquote>\r\n<p>\u00ab Pour de nombreuses organisations du secteur des arts et de la culture, l\u2019utilisation novatrice des technologies num\u00e9riques s\u2019est av\u00e9r\u00e9e une planche de salut \u00bb<\/p>\r\n<p>Jason van Eyk, responsable des initiatives musicales, artistiques et culturelles \u00e0 la Fondation Azrieli<\/p>\r\n<\/blockquote>\r\n<p>\u00ab Pour de nombreuses organisations du secteur des arts et de la culture, l\u2019utilisation novatrice des technologies num\u00e9riques s\u2019est av\u00e9r\u00e9e une planche de salut \u00bb, explique Jason van Eyk, responsable des initiatives musicales, artistiques et culturelles \u00e0 la Fondation Azrieli. \u00ab En m\u00eame temps, la pand\u00e9mie a acc\u00e9l\u00e9r\u00e9 d\u2019autres tendances, permettant de repenser fondamentalement ce que cela signifie d\u2019\u00eatre une organisation du secteur des arts au XXIe si\u00e8cle. La philanthropie permet \u00e0 des organisations de s\u2019adapter et de grandir en int\u00e9grant \u00e0 un nouvel avenir hybride les le\u00e7ons tir\u00e9es de la pand\u00e9mie. \u00bb<\/p>","protected":false},"excerpt":{"rendered":"<p>Lorsque la COVID-19 s\u2019est r\u00e9pandue \u00e0 travers le monde au printemps 2020, les organisations artistiques et culturelles canadiennes ont interrompu leurs op\u00e9rations. Les performances devant un public ont \u00e9t\u00e9 annul\u00e9es, les mus\u00e9es ont ferm\u00e9 leurs portes et les enfants ne pouvaient plus se r\u00e9unir pour suivre des cours de musique. Par cons\u00e9quent, la pand\u00e9mie a [&hellip;]<\/p>\n","protected":false},"featured_media":29274,"comment_status":"closed","ping_status":"closed","template":"","tags":[],"stories_entries":[],"class_list":["post-30562","stories","type-stories","status-publish","has-post-thumbnail","hentry"],"acf":[],"yoast_head":"<!-- This site is optimized with the Yoast SEO plugin v27.3 - https:\/\/yoast.com\/product\/yoast-seo-wordpress\/ -->\n<title>Recalibrer et renouveler le secteur des arts - The Azrieli Foundation<\/title>\n<meta name=\"description\" content=\"Perspectives sur les arts au Canada visent \u00e0 rendre accessibles les r\u00e9sultats de recherches pratiques, significatives et de grande qualit\u00e9 aux artistes et aux membres de la communaut\u00e9 des professionnels de la culture au Canada.\" \/>\n<meta name=\"robots\" content=\"index, follow, max-snippet:-1, max-image-preview:large, max-video-preview:-1\" \/>\n<link rel=\"canonical\" href=\"https:\/\/azrielifoundation.org\/fr\/stories\/recalibrer-et-renouveler-le-secteur-des-arts\/\" \/>\n<meta property=\"og:locale\" content=\"en_US\" \/>\n<meta property=\"og:type\" content=\"article\" \/>\n<meta property=\"og:title\" content=\"Recalibrer et renouveler le secteur des arts - The Azrieli Foundation\" \/>\n<meta property=\"og:description\" content=\"Perspectives sur les arts au Canada visent \u00e0 rendre accessibles les r\u00e9sultats de recherches pratiques, significatives et de grande qualit\u00e9 aux artistes et aux membres de la communaut\u00e9 des professionnels de la culture au Canada.\" \/>\n<meta property=\"og:url\" content=\"https:\/\/azrielifoundation.org\/fr\/stories\/recalibrer-et-renouveler-le-secteur-des-arts\/\" \/>\n<meta property=\"og:site_name\" content=\"The Azrieli Foundation\" \/>\n<meta property=\"article:modified_time\" content=\"2023-04-03T13:23:51+00:00\" \/>\n<meta property=\"og:image\" content=\"https:\/\/azrielifoundation.org\/fr\/wp-content\/uploads\/2022\/10\/5b7931fe-935f-4285-8150-0e754094c7b4.jpeg\" \/>\n\t<meta property=\"og:image:width\" content=\"600\" \/>\n\t<meta property=\"og:image:height\" content=\"400\" \/>\n\t<meta property=\"og:image:type\" content=\"image\/jpeg\" \/>\n<meta name=\"twitter:card\" content=\"summary_large_image\" \/>\n<meta name=\"twitter:label1\" content=\"Est. reading time\" \/>\n\t<meta name=\"twitter:data1\" content=\"3 minutes\" \/>\n<script type=\"application\/ld+json\" class=\"yoast-schema-graph\">{\"@context\":\"https:\\\/\\\/schema.org\",\"@graph\":[{\"@type\":\"WebPage\",\"@id\":\"https:\\\/\\\/azrielifoundation.org\\\/fr\\\/stories\\\/recalibrer-et-renouveler-le-secteur-des-arts\\\/\",\"url\":\"https:\\\/\\\/azrielifoundation.org\\\/fr\\\/stories\\\/recalibrer-et-renouveler-le-secteur-des-arts\\\/\",\"name\":\"Recalibrer et renouveler le secteur des arts - The Azrieli Foundation\",\"isPartOf\":{\"@id\":\"https:\\\/\\\/azrielifoundation.org\\\/fr\\\/#website\"},\"primaryImageOfPage\":{\"@id\":\"https:\\\/\\\/azrielifoundation.org\\\/fr\\\/stories\\\/recalibrer-et-renouveler-le-secteur-des-arts\\\/#primaryimage\"},\"image\":{\"@id\":\"https:\\\/\\\/azrielifoundation.org\\\/fr\\\/stories\\\/recalibrer-et-renouveler-le-secteur-des-arts\\\/#primaryimage\"},\"thumbnailUrl\":\"https:\\\/\\\/azrielifoundation.org\\\/fr\\\/wp-content\\\/uploads\\\/2022\\\/10\\\/5b7931fe-935f-4285-8150-0e754094c7b4.jpeg\",\"datePublished\":\"2022-10-13T16:46:14+00:00\",\"dateModified\":\"2023-04-03T13:23:51+00:00\",\"description\":\"Perspectives sur les arts au Canada visent \u00e0 rendre accessibles les r\u00e9sultats de recherches pratiques, significatives et de grande qualit\u00e9 aux artistes et aux membres de la communaut\u00e9 des professionnels de la culture au Canada.\",\"breadcrumb\":{\"@id\":\"https:\\\/\\\/azrielifoundation.org\\\/fr\\\/stories\\\/recalibrer-et-renouveler-le-secteur-des-arts\\\/#breadcrumb\"},\"inLanguage\":\"en-US\",\"potentialAction\":[{\"@type\":\"ReadAction\",\"target\":[\"https:\\\/\\\/azrielifoundation.org\\\/fr\\\/stories\\\/recalibrer-et-renouveler-le-secteur-des-arts\\\/\"]}]},{\"@type\":\"ImageObject\",\"inLanguage\":\"en-US\",\"@id\":\"https:\\\/\\\/azrielifoundation.org\\\/fr\\\/stories\\\/recalibrer-et-renouveler-le-secteur-des-arts\\\/#primaryimage\",\"url\":\"https:\\\/\\\/azrielifoundation.org\\\/fr\\\/wp-content\\\/uploads\\\/2022\\\/10\\\/5b7931fe-935f-4285-8150-0e754094c7b4.jpeg\",\"contentUrl\":\"https:\\\/\\\/azrielifoundation.org\\\/fr\\\/wp-content\\\/uploads\\\/2022\\\/10\\\/5b7931fe-935f-4285-8150-0e754094c7b4.jpeg\",\"width\":600,\"height\":400},{\"@type\":\"BreadcrumbList\",\"@id\":\"https:\\\/\\\/azrielifoundation.org\\\/fr\\\/stories\\\/recalibrer-et-renouveler-le-secteur-des-arts\\\/#breadcrumb\",\"itemListElement\":[{\"@type\":\"ListItem\",\"position\":1,\"name\":\"Home\",\"item\":\"https:\\\/\\\/azrielifoundation.org\\\/fr\\\/\"},{\"@type\":\"ListItem\",\"position\":2,\"name\":\"Recalibrer et renouveler le secteur des arts\"}]},{\"@type\":\"WebSite\",\"@id\":\"https:\\\/\\\/azrielifoundation.org\\\/fr\\\/#website\",\"url\":\"https:\\\/\\\/azrielifoundation.org\\\/fr\\\/\",\"name\":\"The Azrieli Foundation\",\"description\":\"\",\"potentialAction\":[{\"@type\":\"SearchAction\",\"target\":{\"@type\":\"EntryPoint\",\"urlTemplate\":\"https:\\\/\\\/azrielifoundation.org\\\/fr\\\/?s={search_term_string}\"},\"query-input\":{\"@type\":\"PropertyValueSpecification\",\"valueRequired\":true,\"valueName\":\"search_term_string\"}}],\"inLanguage\":\"en-US\"}]}<\/script>\n<!-- \/ Yoast SEO plugin. -->","yoast_head_json":{"title":"Recalibrer et renouveler le secteur des arts - The Azrieli Foundation","description":"Perspectives sur les arts au Canada visent \u00e0 rendre accessibles les r\u00e9sultats de recherches pratiques, significatives et de grande qualit\u00e9 aux artistes et aux membres de la communaut\u00e9 des professionnels de la culture au Canada.","robots":{"index":"index","follow":"follow","max-snippet":"max-snippet:-1","max-image-preview":"max-image-preview:large","max-video-preview":"max-video-preview:-1"},"canonical":"https:\/\/azrielifoundation.org\/fr\/stories\/recalibrer-et-renouveler-le-secteur-des-arts\/","og_locale":"en_US","og_type":"article","og_title":"Recalibrer et renouveler le secteur des arts - The Azrieli Foundation","og_description":"Perspectives sur les arts au Canada visent \u00e0 rendre accessibles les r\u00e9sultats de recherches pratiques, significatives et de grande qualit\u00e9 aux artistes et aux membres de la communaut\u00e9 des professionnels de la culture au Canada.","og_url":"https:\/\/azrielifoundation.org\/fr\/stories\/recalibrer-et-renouveler-le-secteur-des-arts\/","og_site_name":"The Azrieli Foundation","article_modified_time":"2023-04-03T13:23:51+00:00","og_image":[{"width":600,"height":400,"url":"https:\/\/azrielifoundation.org\/fr\/wp-content\/uploads\/2022\/10\/5b7931fe-935f-4285-8150-0e754094c7b4.jpeg","type":"image\/jpeg"}],"twitter_card":"summary_large_image","twitter_misc":{"Est. reading time":"3 minutes"},"schema":{"@context":"https:\/\/schema.org","@graph":[{"@type":"WebPage","@id":"https:\/\/azrielifoundation.org\/fr\/stories\/recalibrer-et-renouveler-le-secteur-des-arts\/","url":"https:\/\/azrielifoundation.org\/fr\/stories\/recalibrer-et-renouveler-le-secteur-des-arts\/","name":"Recalibrer et renouveler le secteur des arts - The Azrieli Foundation","isPartOf":{"@id":"https:\/\/azrielifoundation.org\/fr\/#website"},"primaryImageOfPage":{"@id":"https:\/\/azrielifoundation.org\/fr\/stories\/recalibrer-et-renouveler-le-secteur-des-arts\/#primaryimage"},"image":{"@id":"https:\/\/azrielifoundation.org\/fr\/stories\/recalibrer-et-renouveler-le-secteur-des-arts\/#primaryimage"},"thumbnailUrl":"https:\/\/azrielifoundation.org\/fr\/wp-content\/uploads\/2022\/10\/5b7931fe-935f-4285-8150-0e754094c7b4.jpeg","datePublished":"2022-10-13T16:46:14+00:00","dateModified":"2023-04-03T13:23:51+00:00","description":"Perspectives sur les arts au Canada visent \u00e0 rendre accessibles les r\u00e9sultats de recherches pratiques, significatives et de grande qualit\u00e9 aux artistes et aux membres de la communaut\u00e9 des professionnels de la culture au Canada.","breadcrumb":{"@id":"https:\/\/azrielifoundation.org\/fr\/stories\/recalibrer-et-renouveler-le-secteur-des-arts\/#breadcrumb"},"inLanguage":"en-US","potentialAction":[{"@type":"ReadAction","target":["https:\/\/azrielifoundation.org\/fr\/stories\/recalibrer-et-renouveler-le-secteur-des-arts\/"]}]},{"@type":"ImageObject","inLanguage":"en-US","@id":"https:\/\/azrielifoundation.org\/fr\/stories\/recalibrer-et-renouveler-le-secteur-des-arts\/#primaryimage","url":"https:\/\/azrielifoundation.org\/fr\/wp-content\/uploads\/2022\/10\/5b7931fe-935f-4285-8150-0e754094c7b4.jpeg","contentUrl":"https:\/\/azrielifoundation.org\/fr\/wp-content\/uploads\/2022\/10\/5b7931fe-935f-4285-8150-0e754094c7b4.jpeg","width":600,"height":400},{"@type":"BreadcrumbList","@id":"https:\/\/azrielifoundation.org\/fr\/stories\/recalibrer-et-renouveler-le-secteur-des-arts\/#breadcrumb","itemListElement":[{"@type":"ListItem","position":1,"name":"Home","item":"https:\/\/azrielifoundation.org\/fr\/"},{"@type":"ListItem","position":2,"name":"Recalibrer et renouveler le secteur des arts"}]},{"@type":"WebSite","@id":"https:\/\/azrielifoundation.org\/fr\/#website","url":"https:\/\/azrielifoundation.org\/fr\/","name":"The Azrieli Foundation","description":"","potentialAction":[{"@type":"SearchAction","target":{"@type":"EntryPoint","urlTemplate":"https:\/\/azrielifoundation.org\/fr\/?s={search_term_string}"},"query-input":{"@type":"PropertyValueSpecification","valueRequired":true,"valueName":"search_term_string"}}],"inLanguage":"en-US"}]}},"_links":{"self":[{"href":"https:\/\/azrielifoundation.org\/fr\/wp-json\/wp\/v2\/stories\/30562","targetHints":{"allow":["GET"]}}],"collection":[{"href":"https:\/\/azrielifoundation.org\/fr\/wp-json\/wp\/v2\/stories"}],"about":[{"href":"https:\/\/azrielifoundation.org\/fr\/wp-json\/wp\/v2\/types\/stories"}],"replies":[{"embeddable":true,"href":"https:\/\/azrielifoundation.org\/fr\/wp-json\/wp\/v2\/comments?post=30562"}],"version-history":[{"count":7,"href":"https:\/\/azrielifoundation.org\/fr\/wp-json\/wp\/v2\/stories\/30562\/revisions"}],"predecessor-version":[{"id":31266,"href":"https:\/\/azrielifoundation.org\/fr\/wp-json\/wp\/v2\/stories\/30562\/revisions\/31266"}],"wp:featuredmedia":[{"embeddable":true,"href":"https:\/\/azrielifoundation.org\/fr\/wp-json\/wp\/v2\/media\/29274"}],"wp:attachment":[{"href":"https:\/\/azrielifoundation.org\/fr\/wp-json\/wp\/v2\/media?parent=30562"}],"wp:term":[{"taxonomy":"post_tag","embeddable":true,"href":"https:\/\/azrielifoundation.org\/fr\/wp-json\/wp\/v2\/tags?post=30562"},{"taxonomy":"stories_entries","embeddable":true,"href":"https:\/\/azrielifoundation.org\/fr\/wp-json\/wp\/v2\/stories_entries?post=30562"}],"curies":[{"name":"wp","href":"https:\/\/api.w.org\/{rel}","templated":true}]}}