{"id":24955,"date":"2019-11-25T08:00:11","date_gmt":"2019-11-25T08:00:11","guid":{"rendered":"https:\/\/theazrielifoundationfr.kinsta.cloud\/?post_type=stories&#038;p=24955"},"modified":"2023-01-26T21:07:20","modified_gmt":"2023-01-26T21:07:20","slug":"faire-entendre-la-voix-des-survivants-de-lholocauste-a-tous-les-canadiens-et-les-canadiennes","status":"publish","type":"stories","link":"https:\/\/azrielifoundation.org\/fr\/stories\/faire-entendre-la-voix-des-survivants-de-lholocauste-a-tous-les-canadiens-et-les-canadiennes\/","title":{"rendered":"Faire entendre la voix des survivants de l\u2019Holocauste \u00e0 tous les Canadiens et les Canadiennes"},"content":{"rendered":"\r\n<h2 class=\"wp-block-heading\">Les \u00e9tudiants d\u2019aujourd\u2019hui font partie de la derni\u00e8re g\u00e9n\u00e9ration en mesure d\u2019\u00e9changer de vive voix avec les survivants de l\u2019Holocauste.<\/h2>\r\n\r\n\r\n\r\n<div class=\"wp-block-spacer\" style=\"height: 30px;\" aria-hidden=\"true\">\u00a0<\/div>\r\n\r\n\r\n\r\n<p>Enseigner l\u2019histoire de l\u2019Holocauste aux jeunes g\u00e9n\u00e9rations est essentiel, m\u00eame s\u2019il s\u2019agit d\u2019un sujet complexe et d\u00e9licat. La Fondation Azrieli travaille avec des communaut\u00e9s de partout au Canada et collabore avec des organisations vou\u00e9es \u00e0 l\u2019enseignement de cet \u00e9v\u00e9nement marquant de l\u2019histoire humaine. La Fondation a \u00e9galement con\u00e7u un programme unique permettant aux survivants de l\u2019Holocauste canadiens de partager leurs t\u00e9moignages dans les \u00e9tablissements scolaires du pays.<\/p>\r\n\r\n\r\n\r\n<div class=\"wp-block-image\">\r\n<figure class=\"aligncenter\"><img loading=\"lazy\" decoding=\"async\" width=\"60\" height=\"50\" class=\"wp-image-20525\" src=\"https:\/\/theazrielifoundationfr.kinsta.cloud\/wp-content\/uploads\/2019\/05\/yellow-horizontal-spacer.png\" alt=\"\" srcset=\"https:\/\/azrielifoundation.org\/fr\/wp-content\/uploads\/2019\/05\/yellow-horizontal-spacer.png 60w, https:\/\/azrielifoundation.org\/fr\/wp-content\/uploads\/2019\/05\/yellow-horizontal-spacer-24x20.png 24w, https:\/\/azrielifoundation.org\/fr\/wp-content\/uploads\/2019\/05\/yellow-horizontal-spacer-36x30.png 36w, https:\/\/azrielifoundation.org\/fr\/wp-content\/uploads\/2019\/05\/yellow-horizontal-spacer-48x40.png 48w\" sizes=\"auto, (max-width: 60px) 100vw, 60px\" \/><\/figure>\r\n<\/div>\r\n\r\n\r\n\r\n<h2 class=\"wp-block-heading\">Diffuser aux enseignants et aux \u00e9tudiants canadiens les t\u00e9moignages de survivants de l\u2019Holocauste ayant \u00e9migr\u00e9 au Canada apr\u00e8s la guerre.<\/h2>\r\n\r\n\r\n\r\n<div class=\"wp-block-spacer\" style=\"height: 30px;\" aria-hidden=\"true\">\u00a0<\/div>\r\n\r\n\r\n\r\n<p><a href=\"https:\/\/memoirs.azrielifoundation.org\/fr\/\" target=\"_blank\" rel=\"noreferrer noopener\" aria-label=\"Le Programme des m\u00e9moires de survivants de l\u2019Holocauste de la Fondation Azrieli (opens in a new tab)\">Le Programme des m\u00e9moires de survivants de l\u2019Holocauste de la Fondation Azrieli<\/a> a \u00e9t\u00e9 cr\u00e9\u00e9 en 2005 afin de collecter, conserver et partager les m\u00e9moires et journaux intimes r\u00e9dig\u00e9s par des survivants de l\u2019Holocauste qui ont \u00e9migr\u00e9 au Canada. \u00c0 ce jour, le programme a publi\u00e9 <a href=\"https:\/\/memoirs.azrielifoundation.org\/fr\/auteurs\/\" target=\"_blank\" rel=\"noreferrer noopener\" aria-label=\"les m\u00e9moires de 110 survivants de l\u2019Holocauste vivant au Canada (opens in a new tab)\">les m\u00e9moires de 110 survivants de l\u2019Holocauste vivant au Canada<\/a>. Ces m\u00e9moires \u2013 publi\u00e9s en fran\u00e7ais et en anglais \u2013 sont distribu\u00e9s gratuitement aux \u00e9tablissements scolaires et aux biblioth\u00e8ques \u00e0 travers le Canada et peuvent \u00eatre achet\u00e9s en ligne.<\/p>\r\n\r\n\r\n\r\n<p>Ces r\u00e9cits autobiographiques offrent la perspective de ceux et celles qui ont v\u00e9cu l\u2019Holocauste, et ont ainsi un profond impact sur les \u00e9tudiants. Ils d\u00e9peignent des gens dans la pl\u00e9nitude de leur existence, et ajoutent des voix individuelles au ch\u0153ur d\u2019une exp\u00e9rience collective, ce qui aide les \u00e9tudiants \u00e0 donner un sens aux statistiques. Lorsqu\u2019ils sont \u00e9tudi\u00e9s dans leurs plus vastes contextes historiques, les m\u00e9moires de survivants impliquent directement les \u00e9tudiants dans une exp\u00e9rience \u00e9ducative qui approfondit leur compr\u00e9hension de l\u2019Holocauste. Cette approche de l\u2019enseignement de l\u2019Holocauste s\u2019articule autour de la singularit\u00e9 de chaque t\u00e9moignage publi\u00e9 et s\u2019appuie sur les <strong>principes fondamentaux expos\u00e9s ci-dessous<\/strong>:<\/p>\r\n\r\n\r\n\r\n<div class=\"wp-block-spacer\" style=\"height: 30px;\" aria-hidden=\"true\">\u00a0<\/div>\r\n\r\n\r\n\r\n<blockquote class=\"wp-block-quote is-layout-flow wp-block-quote-is-layout-flow\">\r\n<p><strong>Nos m\u00e9moires ne peuvent \u00eatre appr\u00e9hend\u00e9s sans une compr\u00e9hension claire des contextes historique, g\u00e9ographique, sociologique et politique dans lesquels ils s\u2019inscrivent. <br \/><\/strong>En se concentrant sur la sp\u00e9cificit\u00e9 des exp\u00e9riences v\u00e9cues par un ou plusieurs auteurs, les \u00e9tudiants prennent conscience de l\u2019extr\u00eame diversit\u00e9 des t\u00e9moignages qui se rapportent \u00e0 cet \u00e9v\u00e9nement historique.<\/p>\r\n<p>&nbsp;<\/p>\r\n<p><strong>\u00c9voquer la vie quotidienne de l\u2019auteur avant qu\u2019elle ne soit boulevers\u00e9e \u00e0 jamais par la guerre et le g\u00e9nocide fait ressortir le fond commun d\u2019humanit\u00e9 qui nous rassemble. <br \/><\/strong>Les \u00e9tudiants tissent ainsi des liens avec les auteurs et les per\u00e7oivent comme des individus qui ont une exp\u00e9rience importante \u00e0 leur transmettre \u00e0 propos de laquelle ils peuvent \u00e9changer. \u00c0 leurs yeux, les survivants deviennent plus que des victimes ou de simples statistiques.<\/p>\r\n<p>&nbsp;<\/p>\r\n<p><strong>Les r\u00e9cits autobiographiques mettent en lumi\u00e8re de quelles mani\u00e8res l\u2019Holocauste a affect\u00e9 la vie des rescap\u00e9s et \u00e9voquent les difficult\u00e9s qu\u2019ils ont rencontr\u00e9es par la suite, y compris dans leurs d\u00e9marches pour immigrer au Canada. <br \/><\/strong>Les \u00e9tudiants portent un regard plus compassionnel sur l\u2019histoire lorsqu\u2019ils comprennent comment les survivants ont travers\u00e9 cet \u00e9v\u00e9nement sans pr\u00e9c\u00e9dent.<\/p>\r\n<p>&nbsp;<\/p>\r\n<p><strong>Les programmes \u00e9ducatifs doivent encourager les \u00e9tudiants \u00e0 adopter une approche critique face \u00e0 des sujets complexes et sensibles. <br \/><\/strong>Les \u00e9tudiants acqui\u00e8rent la capacit\u00e9 de saisir les enjeux et les d\u00e9bats du monde actuel, comp\u00e9tence qui fera des membres de cette nouvelle g\u00e9n\u00e9ration des acteurs sociaux inform\u00e9s et engag\u00e9s.<\/p>\r\n<\/blockquote>\r\n\r\n\r\n\r\n<div class=\"wp-block-spacer\" style=\"height: 30px;\" aria-hidden=\"true\">\u00a0<\/div>\r\n\r\n\r\n\r\n<div class=\"wp-block-button aligncenter is-style-squared\"><a class=\"wp-block-button__link\" href=\"https:\/\/memoirs.azrielifoundation.org\/fr\/resources-for-educators\">Pour en savoir davantage sur les ressources \u00e9ducatives du Programme des m\u00e9moires de survivants de l\u2019Holocauste<\/a><\/div>\r\n\r\n\r\n\r\n<div class=\"wp-block-image\">\r\n<figure class=\"aligncenter\"><img loading=\"lazy\" decoding=\"async\" width=\"60\" height=\"50\" class=\"wp-image-20525\" src=\"https:\/\/theazrielifoundationfr.kinsta.cloud\/wp-content\/uploads\/2019\/05\/yellow-horizontal-spacer.png\" alt=\"\" srcset=\"https:\/\/azrielifoundation.org\/fr\/wp-content\/uploads\/2019\/05\/yellow-horizontal-spacer.png 60w, https:\/\/azrielifoundation.org\/fr\/wp-content\/uploads\/2019\/05\/yellow-horizontal-spacer-24x20.png 24w, https:\/\/azrielifoundation.org\/fr\/wp-content\/uploads\/2019\/05\/yellow-horizontal-spacer-36x30.png 36w, https:\/\/azrielifoundation.org\/fr\/wp-content\/uploads\/2019\/05\/yellow-horizontal-spacer-48x40.png 48w\" sizes=\"auto, (max-width: 60px) 100vw, 60px\" \/><\/figure>\r\n<\/div>\r\n\r\n\r\n\r\n<p class=\"has-medium-font-size\" style=\"text-align: center;\">\u00ab En racontant leur histoire, les auteurs ont pu se lib\u00e9rer. Pendant de longues ann\u00e9es, nous n\u2019en avons pas parl\u00e9, m\u00eame une fois devenus citoyens de soci\u00e9t\u00e9s libres. Aujourd\u2019hui, alors qu\u2019enfin nous \u00e9crivons sur les exp\u00e9riences qui furent les n\u00f4tres durant cette p\u00e9riode sombre de l\u2019Histoire, conscients que nos r\u00e9cits seront lus et qu\u2019ils nous survivront, il nous est possible de nous sentir compl\u00e8tement lib\u00e9r\u00e9s. \u00bb<\/p>\r\n\r\n\r\n\r\n<p style=\"text-align: center;\">&#8211; David J. Azrieli z\u201dl, C.M., C.Q., M.Arch.<\/p>\r\n\r\n\r\n\r\n<div class=\"wp-block-image\">\r\n<figure class=\"aligncenter\"><img loading=\"lazy\" decoding=\"async\" width=\"60\" height=\"50\" class=\"wp-image-20525\" src=\"https:\/\/theazrielifoundationfr.kinsta.cloud\/wp-content\/uploads\/2019\/05\/yellow-horizontal-spacer.png\" alt=\"\" srcset=\"https:\/\/azrielifoundation.org\/fr\/wp-content\/uploads\/2019\/05\/yellow-horizontal-spacer.png 60w, https:\/\/azrielifoundation.org\/fr\/wp-content\/uploads\/2019\/05\/yellow-horizontal-spacer-24x20.png 24w, https:\/\/azrielifoundation.org\/fr\/wp-content\/uploads\/2019\/05\/yellow-horizontal-spacer-36x30.png 36w, https:\/\/azrielifoundation.org\/fr\/wp-content\/uploads\/2019\/05\/yellow-horizontal-spacer-48x40.png 48w\" sizes=\"auto, (max-width: 60px) 100vw, 60px\" \/><\/figure>\r\n<\/div>\r\n\r\n\r\n\r\n<p>L\u2019\u00e9quipe d\u2019\u00e9ducateurs du Programme des m\u00e9moires de survivants de l\u2019Holocauste diffuse ces t\u00e9moignages aux enseignants et aux \u00e9tudiants des quatre coins du Canada, et se tient \u00e0 la disposition de ceux et celles souhaitant utiliser les m\u00e9moires de survivants pour enseigner l\u2019histoire de l\u2019Holocauste dans leur salle de classe. Le programme offre des ateliers de formation aux enseignants sur la mani\u00e8re d\u2019utiliser nos ressources gratuites : m\u00e9moires, activit\u00e9s \u00e9ducatives, plans de cours, courts-m\u00e9trages, ainsi que notre plateforme num\u00e9rique novatrice, <a href=\"https:\/\/memoirs.azrielifoundation.org\/fr\/recollection#home|view-all\" target=\"_blank\" rel=\"noreferrer noopener\" aria-label=\"Re:Collection (opens in a new tab)\">Re:Collection<\/a>. En 2019, nous avons organis\u00e9 des ateliers de formation con\u00e7us pour les enseignants et nous avons permis \u00e0 pr\u00e8s de 6 000 \u00e9tudiants anglophones et francophones dans plus de 30 villes canadiennes de rencontrer et \u00e9changer avec certains de nos auteurs-survivants. Pour la premi\u00e8re fois, nous nous sommes rendus \u00e0 Red Deer (Alberta); \u00e0 Digby (Nouvelle-\u00c9cosse); \u00e0 Whitehorse (Yukon) et \u00e0 Yellowknife (Territoires du Nord-Ouest).<\/p>\r\n\r\n\r\n\r\n<p>L\u2019engagement de la Fondation Azrieli envers l\u2019enseignement de l\u2019Holocauste demeure ind\u00e9fectible; en effet, le Programme des m\u00e9moires de survivants de l\u2019Holocauste prend de l\u2019expansion afin de soutenir et encourager de plus en plus d\u2019\u00e9ducateurs canadiens \u00e0 enseigner l\u2019histoire de ce g\u00e9nocide.<\/p>\r\n\r\n\r\n\r\n<figure class=\"wp-block-embed-vimeo aligncenter wp-block-embed is-type-video is-provider-vimeo wp-embed-aspect-16-9 wp-has-aspect-ratio\">\r\n<div class=\"wp-block-embed__wrapper\">https:\/\/vimeo.com\/312563558<\/div>\r\n<\/figure>\r\n\r\n\r\n\r\n<div class=\"wp-block-image\">\r\n<figure class=\"aligncenter\"><img loading=\"lazy\" decoding=\"async\" width=\"60\" height=\"50\" class=\"wp-image-20525\" src=\"https:\/\/theazrielifoundationfr.kinsta.cloud\/wp-content\/uploads\/2019\/05\/yellow-horizontal-spacer.png\" alt=\"\" srcset=\"https:\/\/azrielifoundation.org\/fr\/wp-content\/uploads\/2019\/05\/yellow-horizontal-spacer.png 60w, https:\/\/azrielifoundation.org\/fr\/wp-content\/uploads\/2019\/05\/yellow-horizontal-spacer-24x20.png 24w, https:\/\/azrielifoundation.org\/fr\/wp-content\/uploads\/2019\/05\/yellow-horizontal-spacer-36x30.png 36w, https:\/\/azrielifoundation.org\/fr\/wp-content\/uploads\/2019\/05\/yellow-horizontal-spacer-48x40.png 48w\" sizes=\"auto, (max-width: 60px) 100vw, 60px\" \/><\/figure>\r\n<\/div>\r\n\r\n\r\n\r\n<h2 class=\"wp-block-heading\">Les organisations canadiennes qui s\u2019engagent pour l\u2019enseignement et la comm\u00e9moration de l\u2019Holocauste<\/h2>\r\n\r\n\r\n\r\n<div class=\"wp-block-spacer\" style=\"height: 30px;\" aria-hidden=\"true\">\u00a0<\/div>\r\n\r\n\r\n\r\n<h3 class=\"wp-block-heading\">Mus\u00e9e de l\u2019Holocauste Montr\u00e9al<\/h3>\r\n\r\n\r\n\r\n<p>Cr\u00e9\u00e9 en 1979, le <a href=\"https:\/\/museeholocauste.ca\/fr\/\" target=\"_blank\" rel=\"noreferrer noopener\" aria-label=\"Mus\u00e9e de l\u2019Holocauste Montr\u00e9al (opens in a new tab)\">Mus\u00e9e de l\u2019Holocauste Montr\u00e9al<\/a> informe et sensibilise les gens de tous \u00e2ges et de tous milieux sur l\u2019Holocauste, ainsi que sur l\u2019antis\u00e9mitisme, le racisme, la haine et l\u2019indiff\u00e9rence. Par son exposition permanente, ses programmes comm\u00e9moratifs et ses initiatives \u00e9ducatives, le Mus\u00e9e fait la promotion de notre responsabilit\u00e9 collective \u00e0 l\u2019\u00e9gard du respect de la diversit\u00e9 et du caract\u00e8re sacr\u00e9 de toute vie humaine.<\/p>\r\n\r\n\r\n\r\n<p>Le mus\u00e9e d\u00e9tient une collection de plus de 13 500 objets (documents, collections de photographies, objets pr\u00e9cieux) ainsi que la plus grande collection canadienne de t\u00e9moignages enregistr\u00e9s avec des survivants de l\u2019Holocauste, qui comprend 850 r\u00e9cits de survivants enti\u00e8rement num\u00e9ris\u00e9s et accessibles. Il s\u2019agit du seul mus\u00e9e au pays qui raconte en d\u00e9tail tous les \u00e9v\u00e9nements qui ont men\u00e9 \u00e0 l\u2019Holocauste, ainsi que son impact sur les individus, les communaut\u00e9s et les pays apr\u00e8s la guerre. L\u2019an dernier, l&#8217;exposition permanente a accueilli 21 750 visiteurs, soit une augmentation de 50% en 3 ans, dans un lieu d&#8217;exposition de 5 000 pieds carr\u00e9s seulement. Pr\u00e8s de 600 enseignantes et enseignants de partout au Canada ont \u00e9galement assist\u00e9s \u00e0 des ateliers de formations offerts par le mus\u00e9e au cours des 18 derniers mois<\/p>\r\n\r\n\r\n\r\n<p style=\"text-align: left;\">La Fondation Azrieli appuie le mus\u00e9e dans ses efforts pour construire un nouvel espace qui permettra d\u2019accueillir plus de groupes scolaires et d\u2019offrir une meilleure exp\u00e9rience aux \u00e9tudiants, lesquels seront sensibilis\u00e9s \u00e0 la r\u00e9alit\u00e9 de l\u2019Holocauste au moyen de ressources multidimensionnelles sollicitant plusieurs sens, et qui sont exclusives au mus\u00e9e. Avec un emplacement au centre-ville, et notamment une exposition permanente plus grande, une galerie d\u2019expositions temporaires et des installations am\u00e9lior\u00e9es, le mus\u00e9e devrait accueillir plus de 70 000 visiteurs par an.<\/p>\r\n\r\n\r\n\r\n<figure class=\"wp-block-embed-youtube wp-block-embed is-type-video is-provider-youtube wp-embed-aspect-16-9 wp-has-aspect-ratio\">\r\n<div class=\"wp-block-embed__wrapper\">https:\/\/youtu.be\/L-shpYgcU_o<\/div>\r\n<figcaption>Exposition itin\u00e9rante &#8220;Ensemble contre le g\u00e9nocide&#8221;<\/figcaption>\r\n<\/figure>\r\n\r\n\r\n\r\n<div class=\"wp-block-image\">\r\n<figure class=\"aligncenter\"><img loading=\"lazy\" decoding=\"async\" width=\"60\" height=\"50\" class=\"wp-image-20525\" src=\"https:\/\/theazrielifoundationfr.kinsta.cloud\/wp-content\/uploads\/2019\/05\/yellow-horizontal-spacer.png\" alt=\"\" srcset=\"https:\/\/azrielifoundation.org\/fr\/wp-content\/uploads\/2019\/05\/yellow-horizontal-spacer.png 60w, https:\/\/azrielifoundation.org\/fr\/wp-content\/uploads\/2019\/05\/yellow-horizontal-spacer-24x20.png 24w, https:\/\/azrielifoundation.org\/fr\/wp-content\/uploads\/2019\/05\/yellow-horizontal-spacer-36x30.png 36w, https:\/\/azrielifoundation.org\/fr\/wp-content\/uploads\/2019\/05\/yellow-horizontal-spacer-48x40.png 48w\" sizes=\"auto, (max-width: 60px) 100vw, 60px\" \/><\/figure>\r\n<\/div>\r\n\r\n\r\n\r\n<h3 class=\"wp-block-heading\">Sarah and Chaim Neuberger Holocaust Education Centre<\/h3>\r\n\r\n\r\n\r\n<p>Gr\u00e2ce \u00e0 son mus\u00e9e et ses programmes, le <a href=\"https:\/\/www.holocaustcentre.com\/\" target=\"_blank\" rel=\"noreferrer noopener\" aria-label=\"Sarah and Chaim Neuberger Holocaust Education Centre (opens in a new tab)\">Sarah and Chaim Neuberger Holocaust Education Centre<\/a> permet de mieux conna\u00eetre et comprendre l\u2019Holocauste, en plus de servir de forum de discussion au sujet de la soci\u00e9t\u00e9 civile pour les g\u00e9n\u00e9rations pr\u00e9sentes et futures.<\/p>\r\n\r\n\r\n\r\n<p>Le Neuberger touche 20 000 \u00e9tudiants chaque ann\u00e9e par le biais de visites scolaires au mus\u00e9e et de ses programmes \u00e9ducatifs, en plus des 30 000 membres de la communaut\u00e9 qu\u2019il rejoint gr\u00e2ce \u00e0 son programme phare, la Semaine \u00e9ducative sur l\u2019Holocauste [http:\/\/holocaustcentre.com\/HEW]. Consid\u00e9r\u00e9e par les experts comme un des moyens les plus complets d\u2019enseigner et de comm\u00e9morer l\u2019Holocauste \u00e0 travers le monde, la Semaine \u00e9ducative sur l\u2019Holocauste (Holocaust Education Week) a \u00e9t\u00e9 reconnue \u00e0 titre de \u00ab meilleure pratique \u00bb dans le domaine par <a href=\"https:\/\/www.holocaustremembrance.com\/\" target=\"_blank\" rel=\"noreferrer noopener\" aria-label=\"l\u2019Alliance internationale pour la m\u00e9moire de l\u2019Holocauste (opens in a new tab)\">l\u2019Alliance internationale pour la m\u00e9moire de l\u2019Holocauste<\/a>.<\/p>\r\n\r\n\r\n\r\n<figure class=\"wp-block-image\"><img loading=\"lazy\" decoding=\"async\" width=\"1600\" height=\"414\" class=\"wp-image-24968\" src=\"https:\/\/theazrielifoundationfr.kinsta.cloud\/wp-content\/uploads\/2019\/11\/HEW_2019.jpg\" alt=\"Holocaust Education Week, 2019\" srcset=\"https:\/\/azrielifoundation.org\/fr\/wp-content\/uploads\/2019\/11\/HEW_2019.jpg 1600w, https:\/\/azrielifoundation.org\/fr\/wp-content\/uploads\/2019\/11\/HEW_2019-1536x397.jpg 1536w, https:\/\/azrielifoundation.org\/fr\/wp-content\/uploads\/2019\/11\/HEW_2019-24x6.jpg 24w, https:\/\/azrielifoundation.org\/fr\/wp-content\/uploads\/2019\/11\/HEW_2019-36x9.jpg 36w, https:\/\/azrielifoundation.org\/fr\/wp-content\/uploads\/2019\/11\/HEW_2019-48x12.jpg 48w, https:\/\/azrielifoundation.org\/fr\/wp-content\/uploads\/2019\/11\/HEW_2019-300x78.jpg 300w, https:\/\/azrielifoundation.org\/fr\/wp-content\/uploads\/2019\/11\/HEW_2019-768x199.jpg 768w, https:\/\/azrielifoundation.org\/fr\/wp-content\/uploads\/2019\/11\/HEW_2019-1030x267.jpg 1030w, https:\/\/azrielifoundation.org\/fr\/wp-content\/uploads\/2019\/11\/HEW_2019-1500x388.jpg 1500w, https:\/\/azrielifoundation.org\/fr\/wp-content\/uploads\/2019\/11\/HEW_2019-705x182.jpg 705w, https:\/\/azrielifoundation.org\/fr\/wp-content\/uploads\/2019\/11\/HEW_2019-450x116.jpg 450w\" sizes=\"auto, (max-width: 1600px) 100vw, 1600px\" \/><\/figure>\r\n\r\n\r\n\r\n<div class=\"wp-block-image\">\r\n<figure class=\"aligncenter\"><img loading=\"lazy\" decoding=\"async\" width=\"60\" height=\"50\" class=\"wp-image-20525\" src=\"https:\/\/theazrielifoundationfr.kinsta.cloud\/wp-content\/uploads\/2019\/05\/yellow-horizontal-spacer.png\" alt=\"\" srcset=\"https:\/\/azrielifoundation.org\/fr\/wp-content\/uploads\/2019\/05\/yellow-horizontal-spacer.png 60w, https:\/\/azrielifoundation.org\/fr\/wp-content\/uploads\/2019\/05\/yellow-horizontal-spacer-24x20.png 24w, https:\/\/azrielifoundation.org\/fr\/wp-content\/uploads\/2019\/05\/yellow-horizontal-spacer-36x30.png 36w, https:\/\/azrielifoundation.org\/fr\/wp-content\/uploads\/2019\/05\/yellow-horizontal-spacer-48x40.png 48w\" sizes=\"auto, (max-width: 60px) 100vw, 60px\" \/><\/figure>\r\n<\/div>\r\n\r\n\r\n\r\n<h3 class=\"wp-block-heading\">Vancouver Holocaust Education Centre<\/h3>\r\n\r\n\r\n\r\n<p>Par le biais de l\u2019enseignement et de la comm\u00e9moration, le <a href=\"https:\/\/www.vhec.org\/\" target=\"_blank\" rel=\"noreferrer noopener\" aria-label=\"Vancouver Holocaust Education Centre (opens in a new tab)\">Vancouver Holocaust Education Centre<\/a> interpelle les \u00e9tudiants, les \u00e9ducateurs et le grand public de la Colombie-Britannique, et d\u2019ailleurs, en leur faisant d\u00e9couvrir l\u2019histoire de l\u2019Holocauste \u2014 la Shoah \u2014 et sa pertinence continue. En tant que mus\u00e9e \u00e0 vocation p\u00e9dagogique qui g\u00e8re des programmes et des collections initi\u00e9s par des rescap\u00e9s de l\u2019Holocauste, le centre honore et appuie les survivant(e)s, et comm\u00e9more ceux et celles qui ont p\u00e9ri.<\/p>\r\n\r\n\r\n\r\n<figure class=\"wp-block-image\"><img loading=\"lazy\" decoding=\"async\" width=\"1500\" height=\"430\" class=\"wp-image-24967\" src=\"https:\/\/theazrielifoundationfr.kinsta.cloud\/wp-content\/uploads\/2019\/11\/VHEC.jpg\" alt=\"Vancouver Holocaust Education Centre\" srcset=\"https:\/\/azrielifoundation.org\/fr\/wp-content\/uploads\/2019\/11\/VHEC.jpg 1500w, https:\/\/azrielifoundation.org\/fr\/wp-content\/uploads\/2019\/11\/VHEC-24x7.jpg 24w, https:\/\/azrielifoundation.org\/fr\/wp-content\/uploads\/2019\/11\/VHEC-36x10.jpg 36w, https:\/\/azrielifoundation.org\/fr\/wp-content\/uploads\/2019\/11\/VHEC-48x14.jpg 48w, https:\/\/azrielifoundation.org\/fr\/wp-content\/uploads\/2019\/11\/VHEC-300x86.jpg 300w, https:\/\/azrielifoundation.org\/fr\/wp-content\/uploads\/2019\/11\/VHEC-768x220.jpg 768w, https:\/\/azrielifoundation.org\/fr\/wp-content\/uploads\/2019\/11\/VHEC-1030x295.jpg 1030w, https:\/\/azrielifoundation.org\/fr\/wp-content\/uploads\/2019\/11\/VHEC-705x202.jpg 705w, https:\/\/azrielifoundation.org\/fr\/wp-content\/uploads\/2019\/11\/VHEC-450x129.jpg 450w\" sizes=\"auto, (max-width: 1500px) 100vw, 1500px\" \/><\/figure>\r\n\r\n\r\n\r\n<div class=\"wp-block-image\">\r\n<figure class=\"aligncenter\"><img loading=\"lazy\" decoding=\"async\" width=\"60\" height=\"50\" class=\"wp-image-20525\" src=\"https:\/\/theazrielifoundationfr.kinsta.cloud\/wp-content\/uploads\/2019\/05\/yellow-horizontal-spacer.png\" alt=\"\" srcset=\"https:\/\/azrielifoundation.org\/fr\/wp-content\/uploads\/2019\/05\/yellow-horizontal-spacer.png 60w, https:\/\/azrielifoundation.org\/fr\/wp-content\/uploads\/2019\/05\/yellow-horizontal-spacer-24x20.png 24w, https:\/\/azrielifoundation.org\/fr\/wp-content\/uploads\/2019\/05\/yellow-horizontal-spacer-36x30.png 36w, https:\/\/azrielifoundation.org\/fr\/wp-content\/uploads\/2019\/05\/yellow-horizontal-spacer-48x40.png 48w\" sizes=\"auto, (max-width: 60px) 100vw, 60px\" \/><\/figure>\r\n<\/div>\r\n\r\n\r\n\r\n<h2 class=\"wp-block-heading\">Pour trouver une organisation vou\u00e9e \u00e0 l\u2019enseignement et la comm\u00e9moration de l\u2019Holocauste dans votre collectivit\u00e9 :<\/h2>\r\n\r\n\r\n\r\n<div class=\"wp-block-spacer\" style=\"height: 30px;\" aria-hidden=\"true\">\u00a0<\/div>\r\n\r\n\r\n\r\n<ul class=\"wp-block-list\">\r\n<li><a href=\"https:\/\/theajc.ca\/\" target=\"_blank\" rel=\"noreferrer noopener\" aria-label=\" Atlantic Jewish Council (opens in a new tab)\"> Atlantic Jewish Council<\/a><\/li>\r\n<li><a href=\"https:\/\/www.jewishcalgary.org\/\" target=\"_blank\" rel=\"noreferrer noopener\" aria-label=\"Calgary Jewish Federation (opens in a new tab)\">Calgary Jewish Federation<\/a><\/li>\r\n<li><a href=\"https:\/\/www.jewishedmonton.org\/\" target=\"_blank\" rel=\"noreferrer noopener\" aria-label=\"Edmonton Jewish Federation (opens in a new tab)\">Edmonton Jewish Federation<\/a><\/li>\r\n<li><a href=\"https:\/\/www.facinghistory.org\/about-us\/offices\/canada\" target=\"_blank\" rel=\"noreferrer noopener\" aria-label=\"Facing History and Ourselves (opens in a new tab)\">Facing History and Ourselves<\/a><\/li>\r\n<li><a href=\"http:\/\/www.ffhec.org\/\" target=\"_blank\" rel=\"noreferrer noopener\">Freeman Family Holocaust Education Centre<\/a><\/li>\r\n<li><a href=\"https:\/\/www.jewishhamilton.org\/\" target=\"_blank\" rel=\"noreferrer noopener\" aria-label=\"Hamilton Jewish Federation (opens in a new tab)\">Hamilton Jewish Federation<\/a><\/li>\r\n<li><a href=\"https:\/\/museeholocauste.ca\/fr\/\" target=\"_blank\" rel=\"noreferrer noopener\" aria-label=\"Mus\u00e9e de l\u2019Holocauste Montr\u00e9al (opens in a new tab)\">Mus\u00e9e de l\u2019Holocauste Montr\u00e9al<\/a><\/li>\r\n<li><a href=\"https:\/\/carleton.ca\/ches\/\" target=\"_blank\" rel=\"noreferrer noopener\" aria-label=\"Ottawa Centre for Holocaust Education and Scholarship (opens in a new tab)\">Ottawa Centre for Holocaust Education and Scholarship<\/a><\/li>\r\n<li><a href=\"https:\/\/www.jewishottawa.com\/\" target=\"_blank\" rel=\"noreferrer noopener\" aria-label=\"Ottawa Jewish Federation (opens in a new tab)\">Ottawa Jewish Federation<\/a><\/li>\r\n<li><a href=\"https:\/\/memoirs.azrielifoundation.org\/fr\/\" target=\"_blank\" rel=\"noreferrer noopener\">Le Programme des m\u00e9moires de survivants de l\u2019Holocauste de la Fondation Azrieli<\/a><\/li>\r\n<li><a href=\"https:\/\/www.holocaustcentre.com\/\" target=\"_blank\" rel=\"noreferrer noopener\" aria-label=\"Toronto Neuberger Holocaust Education Centre (opens in a new tab)\">Toronto Neuberger Holocaust Education Centre<\/a><\/li>\r\n<li><a href=\"https:\/\/www.vhec.org\/\" target=\"_blank\" rel=\"noreferrer noopener\" aria-label=\" Vancouver Holocaust Education Centre (opens in a new tab)\">Vancouver Holocaust Education Centre<\/a><\/li>\r\n<\/ul>\r\n\r\n\r\n\r\n<div class=\"wp-block-image\">\r\n<figure class=\"aligncenter\"><img loading=\"lazy\" decoding=\"async\" width=\"60\" height=\"50\" class=\"wp-image-20525\" src=\"https:\/\/theazrielifoundationfr.kinsta.cloud\/wp-content\/uploads\/2019\/05\/yellow-horizontal-spacer.png\" alt=\"\" srcset=\"https:\/\/azrielifoundation.org\/fr\/wp-content\/uploads\/2019\/05\/yellow-horizontal-spacer.png 60w, https:\/\/azrielifoundation.org\/fr\/wp-content\/uploads\/2019\/05\/yellow-horizontal-spacer-24x20.png 24w, https:\/\/azrielifoundation.org\/fr\/wp-content\/uploads\/2019\/05\/yellow-horizontal-spacer-36x30.png 36w, https:\/\/azrielifoundation.org\/fr\/wp-content\/uploads\/2019\/05\/yellow-horizontal-spacer-48x40.png 48w\" sizes=\"auto, (max-width: 60px) 100vw, 60px\" \/><\/figure>\r\n<\/div>\r\n\r\n\r\n\r\n<h2 class=\"wp-block-heading\">Une voix canadienne en mati\u00e8re d\u2019enseignement de l\u2019Holocauste sur la sc\u00e8ne mondiale<\/h2>\r\n\r\n\r\n\r\n<div class=\"wp-block-spacer\" style=\"height: 30px;\" aria-hidden=\"true\">\u00a0<\/div>\r\n\r\n\r\n\r\n<p>La Fondation Azrieli est membre de la d\u00e9l\u00e9gation canadienne de l\u2019IHRA, <a href=\"https:\/\/www.holocaustremembrance.com\/\" target=\"_blank\" rel=\"noreferrer noopener\"><strong>The International Holocaust Remembrance Alliance<\/strong><\/a>. En tant que voix canadienne au sein du groupe de travail sur l\u2019\u00e9ducation de l\u2019IHRA, nous collaborons et participons activement \u00e0 une plateforme transnationale visant \u00e0 cr\u00e9er les meilleures pratiques en mati\u00e8re d\u2019enseignement sur l\u2019Holocauste. Ces pratiques offrent un encadrement p\u00e9dagogique important \u00e0 l\u2019\u00e9tude de r\u00e9cits autobiographiques sur l\u2019Holocauste.<\/p>\r\n","protected":false},"excerpt":{"rendered":"<p>Les \u00e9tudiants d\u2019aujourd\u2019hui font partie de la derni\u00e8re g\u00e9n\u00e9ration en mesure d\u2019\u00e9changer de vive voix avec les survivants de l\u2019Holocauste. Enseigner l\u2019histoire de l\u2019Holocauste aux jeunes g\u00e9n\u00e9rations est essentiel, m\u00eame s\u2019il s\u2019agit d\u2019un sujet complexe et d\u00e9licat. La Fondation Azrieli travaille avec des communaut\u00e9s de partout au Canada et collabore avec des organisations vou\u00e9es \u00e0 [&hellip;]<\/p>\n","protected":false},"featured_media":25515,"comment_status":"open","ping_status":"closed","template":"","tags":[],"stories_entries":[],"class_list":["post-24955","stories","type-stories","status-publish","has-post-thumbnail","hentry"],"acf":[],"yoast_head":"<!-- This site is optimized with the Yoast SEO plugin v27.3 - https:\/\/yoast.com\/product\/yoast-seo-wordpress\/ -->\n<title>Faire entendre la voix des survivants de l\u2019Holocauste \u00e0 tous les Canadiens et les Canadiennes - The Azrieli Foundation<\/title>\n<meta name=\"description\" content=\"Plusieurs organisations sont vou\u00e9es \u00e0 l\u2019enseignement et la comm\u00e9moration de l\u2019Holocauste aupr\u00e8s des jeunes g\u00e9n\u00e9rations au Canada.\" \/>\n<meta name=\"robots\" content=\"index, follow, max-snippet:-1, max-image-preview:large, max-video-preview:-1\" \/>\n<link rel=\"canonical\" href=\"https:\/\/azrielifoundation.org\/fr\/stories\/faire-entendre-la-voix-des-survivants-de-lholocauste-a-tous-les-canadiens-et-les-canadiennes\/\" \/>\n<meta property=\"og:locale\" content=\"en_US\" \/>\n<meta property=\"og:type\" content=\"article\" \/>\n<meta property=\"og:title\" content=\"Faire entendre la voix des survivants de l\u2019Holocauste \u00e0 tous les Canadiens et les Canadiennes - The Azrieli Foundation\" \/>\n<meta property=\"og:description\" content=\"Plusieurs organisations sont vou\u00e9es \u00e0 l\u2019enseignement et la comm\u00e9moration de l\u2019Holocauste aupr\u00e8s des jeunes g\u00e9n\u00e9rations au Canada.\" \/>\n<meta property=\"og:url\" content=\"https:\/\/azrielifoundation.org\/fr\/stories\/faire-entendre-la-voix-des-survivants-de-lholocauste-a-tous-les-canadiens-et-les-canadiennes\/\" \/>\n<meta property=\"og:site_name\" content=\"The Azrieli Foundation\" \/>\n<meta property=\"article:modified_time\" content=\"2023-01-26T21:07:20+00:00\" \/>\n<meta property=\"og:image\" content=\"https:\/\/azrielifoundation.org\/fr\/wp-content\/uploads\/2020\/01\/25.jpg\" \/>\n\t<meta property=\"og:image:width\" content=\"1024\" \/>\n\t<meta property=\"og:image:height\" content=\"684\" \/>\n\t<meta property=\"og:image:type\" content=\"image\/jpeg\" \/>\n<meta name=\"twitter:card\" content=\"summary_large_image\" \/>\n<meta name=\"twitter:label1\" content=\"Est. reading time\" \/>\n\t<meta name=\"twitter:data1\" content=\"8 minutes\" \/>\n<script type=\"application\/ld+json\" class=\"yoast-schema-graph\">{\"@context\":\"https:\\\/\\\/schema.org\",\"@graph\":[{\"@type\":\"WebPage\",\"@id\":\"https:\\\/\\\/azrielifoundation.org\\\/fr\\\/stories\\\/faire-entendre-la-voix-des-survivants-de-lholocauste-a-tous-les-canadiens-et-les-canadiennes\\\/\",\"url\":\"https:\\\/\\\/azrielifoundation.org\\\/fr\\\/stories\\\/faire-entendre-la-voix-des-survivants-de-lholocauste-a-tous-les-canadiens-et-les-canadiennes\\\/\",\"name\":\"Faire entendre la voix des survivants de l\u2019Holocauste \u00e0 tous les Canadiens et les Canadiennes - The Azrieli Foundation\",\"isPartOf\":{\"@id\":\"https:\\\/\\\/azrielifoundation.org\\\/fr\\\/#website\"},\"primaryImageOfPage\":{\"@id\":\"https:\\\/\\\/azrielifoundation.org\\\/fr\\\/stories\\\/faire-entendre-la-voix-des-survivants-de-lholocauste-a-tous-les-canadiens-et-les-canadiennes\\\/#primaryimage\"},\"image\":{\"@id\":\"https:\\\/\\\/azrielifoundation.org\\\/fr\\\/stories\\\/faire-entendre-la-voix-des-survivants-de-lholocauste-a-tous-les-canadiens-et-les-canadiennes\\\/#primaryimage\"},\"thumbnailUrl\":\"https:\\\/\\\/azrielifoundation.org\\\/fr\\\/wp-content\\\/uploads\\\/2020\\\/01\\\/25.jpg\",\"datePublished\":\"2019-11-25T08:00:11+00:00\",\"dateModified\":\"2023-01-26T21:07:20+00:00\",\"description\":\"Plusieurs organisations sont vou\u00e9es \u00e0 l\u2019enseignement et la comm\u00e9moration de l\u2019Holocauste aupr\u00e8s des jeunes g\u00e9n\u00e9rations au Canada.\",\"breadcrumb\":{\"@id\":\"https:\\\/\\\/azrielifoundation.org\\\/fr\\\/stories\\\/faire-entendre-la-voix-des-survivants-de-lholocauste-a-tous-les-canadiens-et-les-canadiennes\\\/#breadcrumb\"},\"inLanguage\":\"en-US\",\"potentialAction\":[{\"@type\":\"ReadAction\",\"target\":[\"https:\\\/\\\/azrielifoundation.org\\\/fr\\\/stories\\\/faire-entendre-la-voix-des-survivants-de-lholocauste-a-tous-les-canadiens-et-les-canadiennes\\\/\"]}]},{\"@type\":\"ImageObject\",\"inLanguage\":\"en-US\",\"@id\":\"https:\\\/\\\/azrielifoundation.org\\\/fr\\\/stories\\\/faire-entendre-la-voix-des-survivants-de-lholocauste-a-tous-les-canadiens-et-les-canadiennes\\\/#primaryimage\",\"url\":\"https:\\\/\\\/azrielifoundation.org\\\/fr\\\/wp-content\\\/uploads\\\/2020\\\/01\\\/25.jpg\",\"contentUrl\":\"https:\\\/\\\/azrielifoundation.org\\\/fr\\\/wp-content\\\/uploads\\\/2020\\\/01\\\/25.jpg\",\"width\":1024,\"height\":684},{\"@type\":\"BreadcrumbList\",\"@id\":\"https:\\\/\\\/azrielifoundation.org\\\/fr\\\/stories\\\/faire-entendre-la-voix-des-survivants-de-lholocauste-a-tous-les-canadiens-et-les-canadiennes\\\/#breadcrumb\",\"itemListElement\":[{\"@type\":\"ListItem\",\"position\":1,\"name\":\"Home\",\"item\":\"https:\\\/\\\/azrielifoundation.org\\\/fr\\\/\"},{\"@type\":\"ListItem\",\"position\":2,\"name\":\"Faire entendre la voix des survivants de l\u2019Holocauste \u00e0 tous les Canadiens et les Canadiennes\"}]},{\"@type\":\"WebSite\",\"@id\":\"https:\\\/\\\/azrielifoundation.org\\\/fr\\\/#website\",\"url\":\"https:\\\/\\\/azrielifoundation.org\\\/fr\\\/\",\"name\":\"The Azrieli Foundation\",\"description\":\"\",\"potentialAction\":[{\"@type\":\"SearchAction\",\"target\":{\"@type\":\"EntryPoint\",\"urlTemplate\":\"https:\\\/\\\/azrielifoundation.org\\\/fr\\\/?s={search_term_string}\"},\"query-input\":{\"@type\":\"PropertyValueSpecification\",\"valueRequired\":true,\"valueName\":\"search_term_string\"}}],\"inLanguage\":\"en-US\"}]}<\/script>\n<!-- \/ Yoast SEO plugin. -->","yoast_head_json":{"title":"Faire entendre la voix des survivants de l\u2019Holocauste \u00e0 tous les Canadiens et les Canadiennes - The Azrieli Foundation","description":"Plusieurs organisations sont vou\u00e9es \u00e0 l\u2019enseignement et la comm\u00e9moration de l\u2019Holocauste aupr\u00e8s des jeunes g\u00e9n\u00e9rations au Canada.","robots":{"index":"index","follow":"follow","max-snippet":"max-snippet:-1","max-image-preview":"max-image-preview:large","max-video-preview":"max-video-preview:-1"},"canonical":"https:\/\/azrielifoundation.org\/fr\/stories\/faire-entendre-la-voix-des-survivants-de-lholocauste-a-tous-les-canadiens-et-les-canadiennes\/","og_locale":"en_US","og_type":"article","og_title":"Faire entendre la voix des survivants de l\u2019Holocauste \u00e0 tous les Canadiens et les Canadiennes - The Azrieli Foundation","og_description":"Plusieurs organisations sont vou\u00e9es \u00e0 l\u2019enseignement et la comm\u00e9moration de l\u2019Holocauste aupr\u00e8s des jeunes g\u00e9n\u00e9rations au Canada.","og_url":"https:\/\/azrielifoundation.org\/fr\/stories\/faire-entendre-la-voix-des-survivants-de-lholocauste-a-tous-les-canadiens-et-les-canadiennes\/","og_site_name":"The Azrieli Foundation","article_modified_time":"2023-01-26T21:07:20+00:00","og_image":[{"width":1024,"height":684,"url":"https:\/\/azrielifoundation.org\/fr\/wp-content\/uploads\/2020\/01\/25.jpg","type":"image\/jpeg"}],"twitter_card":"summary_large_image","twitter_misc":{"Est. reading time":"8 minutes"},"schema":{"@context":"https:\/\/schema.org","@graph":[{"@type":"WebPage","@id":"https:\/\/azrielifoundation.org\/fr\/stories\/faire-entendre-la-voix-des-survivants-de-lholocauste-a-tous-les-canadiens-et-les-canadiennes\/","url":"https:\/\/azrielifoundation.org\/fr\/stories\/faire-entendre-la-voix-des-survivants-de-lholocauste-a-tous-les-canadiens-et-les-canadiennes\/","name":"Faire entendre la voix des survivants de l\u2019Holocauste \u00e0 tous les Canadiens et les Canadiennes - The Azrieli Foundation","isPartOf":{"@id":"https:\/\/azrielifoundation.org\/fr\/#website"},"primaryImageOfPage":{"@id":"https:\/\/azrielifoundation.org\/fr\/stories\/faire-entendre-la-voix-des-survivants-de-lholocauste-a-tous-les-canadiens-et-les-canadiennes\/#primaryimage"},"image":{"@id":"https:\/\/azrielifoundation.org\/fr\/stories\/faire-entendre-la-voix-des-survivants-de-lholocauste-a-tous-les-canadiens-et-les-canadiennes\/#primaryimage"},"thumbnailUrl":"https:\/\/azrielifoundation.org\/fr\/wp-content\/uploads\/2020\/01\/25.jpg","datePublished":"2019-11-25T08:00:11+00:00","dateModified":"2023-01-26T21:07:20+00:00","description":"Plusieurs organisations sont vou\u00e9es \u00e0 l\u2019enseignement et la comm\u00e9moration de l\u2019Holocauste aupr\u00e8s des jeunes g\u00e9n\u00e9rations au Canada.","breadcrumb":{"@id":"https:\/\/azrielifoundation.org\/fr\/stories\/faire-entendre-la-voix-des-survivants-de-lholocauste-a-tous-les-canadiens-et-les-canadiennes\/#breadcrumb"},"inLanguage":"en-US","potentialAction":[{"@type":"ReadAction","target":["https:\/\/azrielifoundation.org\/fr\/stories\/faire-entendre-la-voix-des-survivants-de-lholocauste-a-tous-les-canadiens-et-les-canadiennes\/"]}]},{"@type":"ImageObject","inLanguage":"en-US","@id":"https:\/\/azrielifoundation.org\/fr\/stories\/faire-entendre-la-voix-des-survivants-de-lholocauste-a-tous-les-canadiens-et-les-canadiennes\/#primaryimage","url":"https:\/\/azrielifoundation.org\/fr\/wp-content\/uploads\/2020\/01\/25.jpg","contentUrl":"https:\/\/azrielifoundation.org\/fr\/wp-content\/uploads\/2020\/01\/25.jpg","width":1024,"height":684},{"@type":"BreadcrumbList","@id":"https:\/\/azrielifoundation.org\/fr\/stories\/faire-entendre-la-voix-des-survivants-de-lholocauste-a-tous-les-canadiens-et-les-canadiennes\/#breadcrumb","itemListElement":[{"@type":"ListItem","position":1,"name":"Home","item":"https:\/\/azrielifoundation.org\/fr\/"},{"@type":"ListItem","position":2,"name":"Faire entendre la voix des survivants de l\u2019Holocauste \u00e0 tous les Canadiens et les Canadiennes"}]},{"@type":"WebSite","@id":"https:\/\/azrielifoundation.org\/fr\/#website","url":"https:\/\/azrielifoundation.org\/fr\/","name":"The Azrieli Foundation","description":"","potentialAction":[{"@type":"SearchAction","target":{"@type":"EntryPoint","urlTemplate":"https:\/\/azrielifoundation.org\/fr\/?s={search_term_string}"},"query-input":{"@type":"PropertyValueSpecification","valueRequired":true,"valueName":"search_term_string"}}],"inLanguage":"en-US"}]}},"_links":{"self":[{"href":"https:\/\/azrielifoundation.org\/fr\/wp-json\/wp\/v2\/stories\/24955","targetHints":{"allow":["GET"]}}],"collection":[{"href":"https:\/\/azrielifoundation.org\/fr\/wp-json\/wp\/v2\/stories"}],"about":[{"href":"https:\/\/azrielifoundation.org\/fr\/wp-json\/wp\/v2\/types\/stories"}],"replies":[{"embeddable":true,"href":"https:\/\/azrielifoundation.org\/fr\/wp-json\/wp\/v2\/comments?post=24955"}],"version-history":[{"count":10,"href":"https:\/\/azrielifoundation.org\/fr\/wp-json\/wp\/v2\/stories\/24955\/revisions"}],"predecessor-version":[{"id":30269,"href":"https:\/\/azrielifoundation.org\/fr\/wp-json\/wp\/v2\/stories\/24955\/revisions\/30269"}],"wp:featuredmedia":[{"embeddable":true,"href":"https:\/\/azrielifoundation.org\/fr\/wp-json\/wp\/v2\/media\/25515"}],"wp:attachment":[{"href":"https:\/\/azrielifoundation.org\/fr\/wp-json\/wp\/v2\/media?parent=24955"}],"wp:term":[{"taxonomy":"post_tag","embeddable":true,"href":"https:\/\/azrielifoundation.org\/fr\/wp-json\/wp\/v2\/tags?post=24955"},{"taxonomy":"stories_entries","embeddable":true,"href":"https:\/\/azrielifoundation.org\/fr\/wp-json\/wp\/v2\/stories_entries?post=24955"}],"curies":[{"name":"wp","href":"https:\/\/api.w.org\/{rel}","templated":true}]}}