{"id":24920,"date":"2019-11-18T08:00:35","date_gmt":"2019-11-18T08:00:35","guid":{"rendered":"https:\/\/theazrielifoundationfr.kinsta.cloud\/?post_type=stories&#038;p=24920"},"modified":"2023-01-26T21:05:09","modified_gmt":"2023-01-26T21:05:09","slug":"prix-azrieli-de-musique","status":"publish","type":"stories","link":"https:\/\/azrielifoundation.org\/fr\/stories\/prix-azrieli-de-musique\/","title":{"rendered":"Prix Azrieli de Musique"},"content":{"rendered":"\r\n<h2 class=\"wp-block-heading\">\u00ab\u00a0Cr\u00e9er des occasions pour la d\u00e9couverte, la cr\u00e9ation, la performance et la c\u00e9l\u00e9bration de l\u2019excellence en mati\u00e8re de nouvelle musique de concert.\u00a0\u00bb<\/h2>\r\n\r\n\r\n\r\n<div class=\"wp-block-image\">\r\n<figure class=\"aligncenter\"><img loading=\"lazy\" decoding=\"async\" width=\"60\" height=\"50\" class=\"wp-image-20525\" src=\"https:\/\/theazrielifoundationfr.kinsta.cloud\/wp-content\/uploads\/2019\/05\/yellow-horizontal-spacer.png\" alt=\"\" srcset=\"https:\/\/azrielifoundation.org\/fr\/wp-content\/uploads\/2019\/05\/yellow-horizontal-spacer.png 60w, https:\/\/azrielifoundation.org\/fr\/wp-content\/uploads\/2019\/05\/yellow-horizontal-spacer-24x20.png 24w, https:\/\/azrielifoundation.org\/fr\/wp-content\/uploads\/2019\/05\/yellow-horizontal-spacer-36x30.png 36w, https:\/\/azrielifoundation.org\/fr\/wp-content\/uploads\/2019\/05\/yellow-horizontal-spacer-48x40.png 48w\" sizes=\"auto, (max-width: 60px) 100vw, 60px\" \/><\/figure>\r\n<\/div>\r\n\r\n\r\n\r\n<p>Voil\u00e0 six ans que la soprano Sharon Azrieli, membre du conseil d\u2019administration de la Fondation Azrieli et d\u00e9fenseure passionn\u00e9e des arts, a eu l\u2019id\u00e9e de cr\u00e9er les Prix Azrieli de musique (PAM). Depuis, les PAM sont devenus les prix de composition les plus substantiels au Canada, ouverts aux compositeurs des quatre coins du monde, de toutes nationalit\u00e9s, croyances religieuses, origines et affiliations.<\/p>\r\n\r\n\r\n\r\n<p>Nous avons cr\u00e9\u00e9 trois prix qui soulignent l\u2019excellence en mati\u00e8re de musique actuelle:<\/p>\r\n\r\n\r\n\r\n<p>Le <a href=\"https:\/\/theazrielifoundationfr.kinsta.cloud\/nosaxesprioritaires\/musique-arts-culture\/pam\/prix-musique-juive\/\">Prix Azrieli pour la musique juive<\/a> est d\u00e9cern\u00e9 \u00e0 un compositeur \u00e0 qui l\u2019on doit la meilleure nouvelle \u0153uvre de musique juive d\u2019importance majeure. Les \u0153uvres admissibles peuvent avoir \u00e9t\u00e9 cr\u00e9\u00e9es dans les dix ann\u00e9es pr\u00e9c\u00e9dant la remise du prix, mais ne doivent pas avoir \u00e9t\u00e9 interpr\u00e9t\u00e9es r\u00e9guli\u00e8rement, ni avoir fait l\u2019objet d\u2019un enregistrement commercial.<\/p>\r\n\r\n\r\n\r\n<p>La <a href=\"https:\/\/theazrielifoundationfr.kinsta.cloud\/nosaxesprioritaires\/musique-arts-culture\/pam\/commande-musique-juive\/\">Commande Azrieli de musique juive<\/a> vise \u00e0 encourager les compositeurs \u00e0 aborder de mani\u00e8re cr\u00e9ative et critique la question : \u00ab\u00a0qu\u2019est-ce que la musique juive?\u00a0\u00bb. Cette commande est accord\u00e9e \u00e0 un compositeur ou une compositrice qui formule une r\u00e9ponse musicale \u00e0 cette question en faisant preuve de cr\u00e9ativit\u00e9, de finesse artistique et d\u2019excellence musicale.\u00a0<\/p>\r\n\r\n\r\n\r\n<p>\u00c0 partir de l\u2019\u00e9dition 2020, les Prix Azrieli de musique ont ajout\u00e9 un troisi\u00e8me prix \u2013 la <a href=\"https:\/\/theazrielifoundationfr.kinsta.cloud\/nosaxesprioritaires\/musique-arts-culture\/pam\/commande-musique-canadienne\/\">Commande Azrieli de musique canadienne<\/a>. Ce prix est d\u00e9cern\u00e9 \u00e0 un compositeur ou une compositrice canadien(ne) en vue de la cr\u00e9ation d\u2019une nouvelle \u0153uvre musicale qui aborde de mani\u00e8re cr\u00e9ative et critique les d\u00e9fis li\u00e9s \u00e0 la composition de musique de concert dans le Canada d\u2019aujourd\u2019hui.<\/p>\r\n\r\n\r\n\r\n<p>Chacun des laur\u00e9ats recevra des prix d\u2019une valeur totalisant plus de 200\u00a0000\u00a0$ CAD, y compris un prix en argent d\u2019une valeur de 50\u00a0000\u00a0$; les \u0153uvres prim\u00e9es seront interpr\u00e9t\u00e9es lors d\u2019un concert de gala \u00e0 Montr\u00e9al (le prochain aura lieu le 22 octobre 2020 avec le Nouvel Ensemble contemporain sous la direction de Lorraine Vaillancourt); et feront l\u2019objet de performances internationales subs\u00e9quentes; ainsi que d\u2019un enregistrement, \u00e0 para\u00eetre sous \u00e9tiquette Analekta.<\/p>\r\n\r\n\r\n\r\n<p>Lors de l\u2019\u00e9dition inaugurale des PAM, en 2016, les prix ont \u00e9t\u00e9 d\u00e9cern\u00e9s \u00e0 Wlad Marhulets, un compositeur polonais bas\u00e9 aux \u00c9tats-Unis, ainsi qu\u2019au compositeur canadien Brian Current. Voici ce qu\u2019a dit ce dernier au sujet de cet honneur\u00a0:<\/p>\r\n\r\n\r\n\r\n<figure class=\"wp-block-embed-youtube wp-block-embed is-type-video is-provider-youtube wp-embed-aspect-16-9 wp-has-aspect-ratio\">\r\n<div class=\"wp-block-embed__wrapper\">https:\/\/youtu.be\/Dna51tA2KBM<\/div>\r\n<\/figure>\r\n\r\n\r\n\r\n<div class=\"wp-block-image\">\r\n<figure class=\"aligncenter\"><img loading=\"lazy\" decoding=\"async\" width=\"60\" height=\"50\" class=\"wp-image-20525\" src=\"https:\/\/theazrielifoundationfr.kinsta.cloud\/wp-content\/uploads\/2019\/05\/yellow-horizontal-spacer.png\" alt=\"\" srcset=\"https:\/\/azrielifoundation.org\/fr\/wp-content\/uploads\/2019\/05\/yellow-horizontal-spacer.png 60w, https:\/\/azrielifoundation.org\/fr\/wp-content\/uploads\/2019\/05\/yellow-horizontal-spacer-24x20.png 24w, https:\/\/azrielifoundation.org\/fr\/wp-content\/uploads\/2019\/05\/yellow-horizontal-spacer-36x30.png 36w, https:\/\/azrielifoundation.org\/fr\/wp-content\/uploads\/2019\/05\/yellow-horizontal-spacer-48x40.png 48w\" sizes=\"auto, (max-width: 60px) 100vw, 60px\" \/><\/figure>\r\n<\/div>\r\n\r\n\r\n\r\n<p>En 2018, les jurys ont choisi la compositrice canadienne Kelly-Marie Murphy et le compositeur isra\u00e9lo-am\u00e9ricain Avner Dorman, dont les \u0153uvres ont \u00e9t\u00e9 interpr\u00e9t\u00e9es par l\u2019Orchestre de chambre McGill sous la direction du chef invit\u00e9 Yoav Talmi.\u00a0<\/p>\r\n\r\n\r\n\r\n<figure class=\"wp-block-image\"><img loading=\"lazy\" decoding=\"async\" width=\"1024\" height=\"683\" class=\"wp-image-24922\" src=\"https:\/\/theazrielifoundationfr.kinsta.cloud\/wp-content\/uploads\/2019\/11\/avner-sharon-yoav-kelly.jpg\" alt=\"\" srcset=\"https:\/\/azrielifoundation.org\/fr\/wp-content\/uploads\/2019\/11\/avner-sharon-yoav-kelly.jpg 1024w, https:\/\/azrielifoundation.org\/fr\/wp-content\/uploads\/2019\/11\/avner-sharon-yoav-kelly-24x16.jpg 24w, https:\/\/azrielifoundation.org\/fr\/wp-content\/uploads\/2019\/11\/avner-sharon-yoav-kelly-36x24.jpg 36w, https:\/\/azrielifoundation.org\/fr\/wp-content\/uploads\/2019\/11\/avner-sharon-yoav-kelly-48x32.jpg 48w, https:\/\/azrielifoundation.org\/fr\/wp-content\/uploads\/2019\/11\/avner-sharon-yoav-kelly-300x200.jpg 300w, https:\/\/azrielifoundation.org\/fr\/wp-content\/uploads\/2019\/11\/avner-sharon-yoav-kelly-768x512.jpg 768w, https:\/\/azrielifoundation.org\/fr\/wp-content\/uploads\/2019\/11\/avner-sharon-yoav-kelly-705x470.jpg 705w, https:\/\/azrielifoundation.org\/fr\/wp-content\/uploads\/2019\/11\/avner-sharon-yoav-kelly-450x300.jpg 450w\" sizes=\"auto, (max-width: 1024px) 100vw, 1024px\" \/><\/figure>\r\n\r\n\r\n\r\n<p>Les quatre compositions prim\u00e9es ont re\u00e7u de nombreuses distinctions, ont \u00e9t\u00e9 interpr\u00e9t\u00e9es dans certaines des salles les plus prestigieuses du monde, et ont \u00e9t\u00e9 distribu\u00e9es \u00e0 l\u2019\u00e9chelle internationale par les disques Analekta; elles continuent d\u2019\u00eatre incluses au programme de divers orchestres, tant au Canada qu\u2019\u00e0 l\u2019\u00e9tranger.<\/p>\r\n\r\n\r\n\r\n<figure class=\"wp-block-embed-youtube wp-block-embed is-type-video is-provider-youtube wp-embed-aspect-16-9 wp-has-aspect-ratio\">\r\n<div class=\"wp-block-embed__wrapper\">https:\/\/www.youtube.com\/watch?v=ph960gqMQvc&amp;feature=youtu.be<\/div>\r\n<\/figure>\r\n\r\n\r\n\r\n<div class=\"wp-block-image\">\r\n<figure class=\"aligncenter\"><img loading=\"lazy\" decoding=\"async\" width=\"60\" height=\"50\" class=\"wp-image-20525\" src=\"https:\/\/theazrielifoundationfr.kinsta.cloud\/wp-content\/uploads\/2019\/05\/yellow-horizontal-spacer.png\" alt=\"\" srcset=\"https:\/\/azrielifoundation.org\/fr\/wp-content\/uploads\/2019\/05\/yellow-horizontal-spacer.png 60w, https:\/\/azrielifoundation.org\/fr\/wp-content\/uploads\/2019\/05\/yellow-horizontal-spacer-24x20.png 24w, https:\/\/azrielifoundation.org\/fr\/wp-content\/uploads\/2019\/05\/yellow-horizontal-spacer-36x30.png 36w, https:\/\/azrielifoundation.org\/fr\/wp-content\/uploads\/2019\/05\/yellow-horizontal-spacer-48x40.png 48w\" sizes=\"auto, (max-width: 60px) 100vw, 60px\" \/><\/figure>\r\n<\/div>\r\n\r\n\r\n\r\n<div class=\"wp-block-image\">\r\n<figure class=\"aligncenter\"><img loading=\"lazy\" decoding=\"async\" width=\"646\" height=\"804\" class=\"wp-image-24923\" src=\"https:\/\/theazrielifoundationfr.kinsta.cloud\/wp-content\/uploads\/2019\/11\/Yitzhak-Yedid.jpg\" alt=\"\" srcset=\"https:\/\/azrielifoundation.org\/fr\/wp-content\/uploads\/2019\/11\/Yitzhak-Yedid.jpg 646w, https:\/\/azrielifoundation.org\/fr\/wp-content\/uploads\/2019\/11\/Yitzhak-Yedid-19x24.jpg 19w, https:\/\/azrielifoundation.org\/fr\/wp-content\/uploads\/2019\/11\/Yitzhak-Yedid-29x36.jpg 29w, https:\/\/azrielifoundation.org\/fr\/wp-content\/uploads\/2019\/11\/Yitzhak-Yedid-39x48.jpg 39w, https:\/\/azrielifoundation.org\/fr\/wp-content\/uploads\/2019\/11\/Yitzhak-Yedid-241x300.jpg 241w, https:\/\/azrielifoundation.org\/fr\/wp-content\/uploads\/2019\/11\/Yitzhak-Yedid-566x705.jpg 566w, https:\/\/azrielifoundation.org\/fr\/wp-content\/uploads\/2019\/11\/Yitzhak-Yedid-450x560.jpg 450w\" sizes=\"auto, (max-width: 646px) 100vw, 646px\" \/>\r\n<figcaption>En 2020, le Prix Azrieli pour la musique juive a \u00e9t\u00e9 d\u00e9cern\u00e9 au compositeur australien natif d\u2019Isra\u00ebl, <a href=\"https:\/\/www.yedidmusic.com\/\">Yitzhak Yedid<\/a>.<\/figcaption>\r\n<\/figure>\r\n<\/div>\r\n\r\n\r\n\r\n<div class=\"wp-block-image\">\r\n<figure class=\"aligncenter\"><img loading=\"lazy\" decoding=\"async\" width=\"1030\" height=\"687\" class=\"wp-image-24895\" src=\"https:\/\/theazrielifoundationfr.kinsta.cloud\/wp-content\/uploads\/2019\/11\/Yotam-Haber-Headshot-1030x687.jpg\" alt=\"\" srcset=\"https:\/\/azrielifoundation.org\/fr\/wp-content\/uploads\/2019\/11\/Yotam-Haber-Headshot-1030x687.jpg 1030w, https:\/\/azrielifoundation.org\/fr\/wp-content\/uploads\/2019\/11\/Yotam-Haber-Headshot-1536x1024.jpg 1536w, https:\/\/azrielifoundation.org\/fr\/wp-content\/uploads\/2019\/11\/Yotam-Haber-Headshot-2048x1365.jpg 2048w, https:\/\/azrielifoundation.org\/fr\/wp-content\/uploads\/2019\/11\/Yotam-Haber-Headshot-24x16.jpg 24w, https:\/\/azrielifoundation.org\/fr\/wp-content\/uploads\/2019\/11\/Yotam-Haber-Headshot-36x24.jpg 36w, https:\/\/azrielifoundation.org\/fr\/wp-content\/uploads\/2019\/11\/Yotam-Haber-Headshot-48x32.jpg 48w, https:\/\/azrielifoundation.org\/fr\/wp-content\/uploads\/2019\/11\/Yotam-Haber-Headshot-300x200.jpg 300w, https:\/\/azrielifoundation.org\/fr\/wp-content\/uploads\/2019\/11\/Yotam-Haber-Headshot-768x512.jpg 768w, https:\/\/azrielifoundation.org\/fr\/wp-content\/uploads\/2019\/11\/Yotam-Haber-Headshot-1500x1000.jpg 1500w, https:\/\/azrielifoundation.org\/fr\/wp-content\/uploads\/2019\/11\/Yotam-Haber-Headshot-705x470.jpg 705w, https:\/\/azrielifoundation.org\/fr\/wp-content\/uploads\/2019\/11\/Yotam-Haber-Headshot-450x300.jpg 450w, https:\/\/azrielifoundation.org\/fr\/wp-content\/uploads\/2019\/11\/Yotam-Haber-Headshot-scaled.jpg 1920w\" sizes=\"auto, (max-width: 1030px) 100vw, 1030px\" \/>\r\n<figcaption>La Commande Azrieli de musique juive a \u00e9t\u00e9 remport\u00e9e par <a href=\"http:\/\/www.yotamhaber.com\/\">Yotam Haber<\/a>.<\/figcaption>\r\n<\/figure>\r\n<\/div>\r\n\r\n\r\n\r\n<div class=\"wp-block-image\">\r\n<figure class=\"aligncenter\"><img loading=\"lazy\" decoding=\"async\" width=\"685\" height=\"1030\" class=\"wp-image-24897\" src=\"https:\/\/theazrielifoundationfr.kinsta.cloud\/wp-content\/uploads\/2019\/11\/Keiko-Devaux-Headshot-685x1030.jpg\" alt=\"\" srcset=\"https:\/\/azrielifoundation.org\/fr\/wp-content\/uploads\/2019\/11\/Keiko-Devaux-Headshot-685x1030.jpg 685w, https:\/\/azrielifoundation.org\/fr\/wp-content\/uploads\/2019\/11\/Keiko-Devaux-Headshot-1022x1536.jpg 1022w, https:\/\/azrielifoundation.org\/fr\/wp-content\/uploads\/2019\/11\/Keiko-Devaux-Headshot-1363x2048.jpg 1363w, https:\/\/azrielifoundation.org\/fr\/wp-content\/uploads\/2019\/11\/Keiko-Devaux-Headshot-16x24.jpg 16w, https:\/\/azrielifoundation.org\/fr\/wp-content\/uploads\/2019\/11\/Keiko-Devaux-Headshot-24x36.jpg 24w, https:\/\/azrielifoundation.org\/fr\/wp-content\/uploads\/2019\/11\/Keiko-Devaux-Headshot-32x48.jpg 32w, https:\/\/azrielifoundation.org\/fr\/wp-content\/uploads\/2019\/11\/Keiko-Devaux-Headshot-200x300.jpg 200w, https:\/\/azrielifoundation.org\/fr\/wp-content\/uploads\/2019\/11\/Keiko-Devaux-Headshot-768x1154.jpg 768w, https:\/\/azrielifoundation.org\/fr\/wp-content\/uploads\/2019\/11\/Keiko-Devaux-Headshot-998x1500.jpg 998w, https:\/\/azrielifoundation.org\/fr\/wp-content\/uploads\/2019\/11\/Keiko-Devaux-Headshot-469x705.jpg 469w, https:\/\/azrielifoundation.org\/fr\/wp-content\/uploads\/2019\/11\/Keiko-Devaux-Headshot-450x676.jpg 450w, https:\/\/azrielifoundation.org\/fr\/wp-content\/uploads\/2019\/11\/Keiko-Devaux-Headshot-scaled.jpg 1277w\" sizes=\"auto, (max-width: 685px) 100vw, 685px\" \/>\r\n<figcaption>La laur\u00e9ate de la Commande Azrieli de musique canadienne est <a href=\"https:\/\/keikodevaux.com\/\">Keiko Devaux<\/a>.<\/figcaption>\r\n<\/figure>\r\n<\/div>\r\n","protected":false},"excerpt":{"rendered":"<p>\u00ab\u00a0Cr\u00e9er des occasions pour la d\u00e9couverte, la cr\u00e9ation, la performance et la c\u00e9l\u00e9bration de l\u2019excellence en mati\u00e8re de nouvelle musique de concert.\u00a0\u00bb Voil\u00e0 six ans que la soprano Sharon Azrieli, membre du conseil d\u2019administration de la Fondation Azrieli et d\u00e9fenseure passionn\u00e9e des arts, a eu l\u2019id\u00e9e de cr\u00e9er les Prix Azrieli de musique (PAM). Depuis, [&hellip;]<\/p>\n","protected":false},"featured_media":25514,"comment_status":"closed","ping_status":"closed","template":"","tags":[],"stories_entries":[],"class_list":["post-24920","stories","type-stories","status-publish","has-post-thumbnail","hentry"],"acf":[],"yoast_head":"<!-- This site is optimized with the Yoast SEO plugin v27.3 - https:\/\/yoast.com\/product\/yoast-seo-wordpress\/ -->\n<title>Prix Azrieli de Musique - The Azrieli Foundation<\/title>\n<meta name=\"description\" content=\"Les Prix Azrieli de musique favorisent la d\u00e9couverte, la cr\u00e9ation, l\u2019ex\u00e9cution et la c\u00e9l\u00e9bration de l\u2019excellence de la nouvelle composition musicale.\" \/>\n<meta name=\"robots\" content=\"index, follow, max-snippet:-1, max-image-preview:large, max-video-preview:-1\" \/>\n<link rel=\"canonical\" href=\"https:\/\/azrielifoundation.org\/fr\/stories\/prix-azrieli-de-musique\/\" \/>\n<meta property=\"og:locale\" content=\"en_US\" \/>\n<meta property=\"og:type\" content=\"article\" \/>\n<meta property=\"og:title\" content=\"Prix Azrieli de Musique - The Azrieli Foundation\" \/>\n<meta property=\"og:description\" content=\"Les Prix Azrieli de musique favorisent la d\u00e9couverte, la cr\u00e9ation, l\u2019ex\u00e9cution et la c\u00e9l\u00e9bration de l\u2019excellence de la nouvelle composition musicale.\" \/>\n<meta property=\"og:url\" content=\"https:\/\/azrielifoundation.org\/fr\/stories\/prix-azrieli-de-musique\/\" \/>\n<meta property=\"og:site_name\" content=\"The Azrieli Foundation\" \/>\n<meta property=\"article:modified_time\" content=\"2023-01-26T21:05:09+00:00\" \/>\n<meta property=\"og:image\" content=\"https:\/\/azrielifoundation.org\/fr\/wp-content\/uploads\/2020\/01\/24.jpg\" \/>\n\t<meta property=\"og:image:width\" content=\"1024\" \/>\n\t<meta property=\"og:image:height\" content=\"684\" \/>\n\t<meta property=\"og:image:type\" content=\"image\/jpeg\" \/>\n<meta name=\"twitter:card\" content=\"summary_large_image\" \/>\n<meta name=\"twitter:label1\" content=\"Est. reading time\" \/>\n\t<meta name=\"twitter:data1\" content=\"3 minutes\" \/>\n<script type=\"application\/ld+json\" class=\"yoast-schema-graph\">{\"@context\":\"https:\\\/\\\/schema.org\",\"@graph\":[{\"@type\":\"WebPage\",\"@id\":\"https:\\\/\\\/azrielifoundation.org\\\/fr\\\/stories\\\/prix-azrieli-de-musique\\\/\",\"url\":\"https:\\\/\\\/azrielifoundation.org\\\/fr\\\/stories\\\/prix-azrieli-de-musique\\\/\",\"name\":\"Prix Azrieli de Musique - The Azrieli Foundation\",\"isPartOf\":{\"@id\":\"https:\\\/\\\/azrielifoundation.org\\\/fr\\\/#website\"},\"primaryImageOfPage\":{\"@id\":\"https:\\\/\\\/azrielifoundation.org\\\/fr\\\/stories\\\/prix-azrieli-de-musique\\\/#primaryimage\"},\"image\":{\"@id\":\"https:\\\/\\\/azrielifoundation.org\\\/fr\\\/stories\\\/prix-azrieli-de-musique\\\/#primaryimage\"},\"thumbnailUrl\":\"https:\\\/\\\/azrielifoundation.org\\\/fr\\\/wp-content\\\/uploads\\\/2020\\\/01\\\/24.jpg\",\"datePublished\":\"2019-11-18T08:00:35+00:00\",\"dateModified\":\"2023-01-26T21:05:09+00:00\",\"description\":\"Les Prix Azrieli de musique favorisent la d\u00e9couverte, la cr\u00e9ation, l\u2019ex\u00e9cution et la c\u00e9l\u00e9bration de l\u2019excellence de la nouvelle composition musicale.\",\"breadcrumb\":{\"@id\":\"https:\\\/\\\/azrielifoundation.org\\\/fr\\\/stories\\\/prix-azrieli-de-musique\\\/#breadcrumb\"},\"inLanguage\":\"en-US\",\"potentialAction\":[{\"@type\":\"ReadAction\",\"target\":[\"https:\\\/\\\/azrielifoundation.org\\\/fr\\\/stories\\\/prix-azrieli-de-musique\\\/\"]}]},{\"@type\":\"ImageObject\",\"inLanguage\":\"en-US\",\"@id\":\"https:\\\/\\\/azrielifoundation.org\\\/fr\\\/stories\\\/prix-azrieli-de-musique\\\/#primaryimage\",\"url\":\"https:\\\/\\\/azrielifoundation.org\\\/fr\\\/wp-content\\\/uploads\\\/2020\\\/01\\\/24.jpg\",\"contentUrl\":\"https:\\\/\\\/azrielifoundation.org\\\/fr\\\/wp-content\\\/uploads\\\/2020\\\/01\\\/24.jpg\",\"width\":1024,\"height\":684},{\"@type\":\"BreadcrumbList\",\"@id\":\"https:\\\/\\\/azrielifoundation.org\\\/fr\\\/stories\\\/prix-azrieli-de-musique\\\/#breadcrumb\",\"itemListElement\":[{\"@type\":\"ListItem\",\"position\":1,\"name\":\"Home\",\"item\":\"https:\\\/\\\/azrielifoundation.org\\\/fr\\\/\"},{\"@type\":\"ListItem\",\"position\":2,\"name\":\"Prix Azrieli de Musique\"}]},{\"@type\":\"WebSite\",\"@id\":\"https:\\\/\\\/azrielifoundation.org\\\/fr\\\/#website\",\"url\":\"https:\\\/\\\/azrielifoundation.org\\\/fr\\\/\",\"name\":\"The Azrieli Foundation\",\"description\":\"\",\"potentialAction\":[{\"@type\":\"SearchAction\",\"target\":{\"@type\":\"EntryPoint\",\"urlTemplate\":\"https:\\\/\\\/azrielifoundation.org\\\/fr\\\/?s={search_term_string}\"},\"query-input\":{\"@type\":\"PropertyValueSpecification\",\"valueRequired\":true,\"valueName\":\"search_term_string\"}}],\"inLanguage\":\"en-US\"}]}<\/script>\n<!-- \/ Yoast SEO plugin. -->","yoast_head_json":{"title":"Prix Azrieli de Musique - The Azrieli Foundation","description":"Les Prix Azrieli de musique favorisent la d\u00e9couverte, la cr\u00e9ation, l\u2019ex\u00e9cution et la c\u00e9l\u00e9bration de l\u2019excellence de la nouvelle composition musicale.","robots":{"index":"index","follow":"follow","max-snippet":"max-snippet:-1","max-image-preview":"max-image-preview:large","max-video-preview":"max-video-preview:-1"},"canonical":"https:\/\/azrielifoundation.org\/fr\/stories\/prix-azrieli-de-musique\/","og_locale":"en_US","og_type":"article","og_title":"Prix Azrieli de Musique - The Azrieli Foundation","og_description":"Les Prix Azrieli de musique favorisent la d\u00e9couverte, la cr\u00e9ation, l\u2019ex\u00e9cution et la c\u00e9l\u00e9bration de l\u2019excellence de la nouvelle composition musicale.","og_url":"https:\/\/azrielifoundation.org\/fr\/stories\/prix-azrieli-de-musique\/","og_site_name":"The Azrieli Foundation","article_modified_time":"2023-01-26T21:05:09+00:00","og_image":[{"width":1024,"height":684,"url":"https:\/\/azrielifoundation.org\/fr\/wp-content\/uploads\/2020\/01\/24.jpg","type":"image\/jpeg"}],"twitter_card":"summary_large_image","twitter_misc":{"Est. reading time":"3 minutes"},"schema":{"@context":"https:\/\/schema.org","@graph":[{"@type":"WebPage","@id":"https:\/\/azrielifoundation.org\/fr\/stories\/prix-azrieli-de-musique\/","url":"https:\/\/azrielifoundation.org\/fr\/stories\/prix-azrieli-de-musique\/","name":"Prix Azrieli de Musique - The Azrieli Foundation","isPartOf":{"@id":"https:\/\/azrielifoundation.org\/fr\/#website"},"primaryImageOfPage":{"@id":"https:\/\/azrielifoundation.org\/fr\/stories\/prix-azrieli-de-musique\/#primaryimage"},"image":{"@id":"https:\/\/azrielifoundation.org\/fr\/stories\/prix-azrieli-de-musique\/#primaryimage"},"thumbnailUrl":"https:\/\/azrielifoundation.org\/fr\/wp-content\/uploads\/2020\/01\/24.jpg","datePublished":"2019-11-18T08:00:35+00:00","dateModified":"2023-01-26T21:05:09+00:00","description":"Les Prix Azrieli de musique favorisent la d\u00e9couverte, la cr\u00e9ation, l\u2019ex\u00e9cution et la c\u00e9l\u00e9bration de l\u2019excellence de la nouvelle composition musicale.","breadcrumb":{"@id":"https:\/\/azrielifoundation.org\/fr\/stories\/prix-azrieli-de-musique\/#breadcrumb"},"inLanguage":"en-US","potentialAction":[{"@type":"ReadAction","target":["https:\/\/azrielifoundation.org\/fr\/stories\/prix-azrieli-de-musique\/"]}]},{"@type":"ImageObject","inLanguage":"en-US","@id":"https:\/\/azrielifoundation.org\/fr\/stories\/prix-azrieli-de-musique\/#primaryimage","url":"https:\/\/azrielifoundation.org\/fr\/wp-content\/uploads\/2020\/01\/24.jpg","contentUrl":"https:\/\/azrielifoundation.org\/fr\/wp-content\/uploads\/2020\/01\/24.jpg","width":1024,"height":684},{"@type":"BreadcrumbList","@id":"https:\/\/azrielifoundation.org\/fr\/stories\/prix-azrieli-de-musique\/#breadcrumb","itemListElement":[{"@type":"ListItem","position":1,"name":"Home","item":"https:\/\/azrielifoundation.org\/fr\/"},{"@type":"ListItem","position":2,"name":"Prix Azrieli de Musique"}]},{"@type":"WebSite","@id":"https:\/\/azrielifoundation.org\/fr\/#website","url":"https:\/\/azrielifoundation.org\/fr\/","name":"The Azrieli Foundation","description":"","potentialAction":[{"@type":"SearchAction","target":{"@type":"EntryPoint","urlTemplate":"https:\/\/azrielifoundation.org\/fr\/?s={search_term_string}"},"query-input":{"@type":"PropertyValueSpecification","valueRequired":true,"valueName":"search_term_string"}}],"inLanguage":"en-US"}]}},"_links":{"self":[{"href":"https:\/\/azrielifoundation.org\/fr\/wp-json\/wp\/v2\/stories\/24920","targetHints":{"allow":["GET"]}}],"collection":[{"href":"https:\/\/azrielifoundation.org\/fr\/wp-json\/wp\/v2\/stories"}],"about":[{"href":"https:\/\/azrielifoundation.org\/fr\/wp-json\/wp\/v2\/types\/stories"}],"replies":[{"embeddable":true,"href":"https:\/\/azrielifoundation.org\/fr\/wp-json\/wp\/v2\/comments?post=24920"}],"version-history":[{"count":10,"href":"https:\/\/azrielifoundation.org\/fr\/wp-json\/wp\/v2\/stories\/24920\/revisions"}],"predecessor-version":[{"id":30267,"href":"https:\/\/azrielifoundation.org\/fr\/wp-json\/wp\/v2\/stories\/24920\/revisions\/30267"}],"wp:featuredmedia":[{"embeddable":true,"href":"https:\/\/azrielifoundation.org\/fr\/wp-json\/wp\/v2\/media\/25514"}],"wp:attachment":[{"href":"https:\/\/azrielifoundation.org\/fr\/wp-json\/wp\/v2\/media?parent=24920"}],"wp:term":[{"taxonomy":"post_tag","embeddable":true,"href":"https:\/\/azrielifoundation.org\/fr\/wp-json\/wp\/v2\/tags?post=24920"},{"taxonomy":"stories_entries","embeddable":true,"href":"https:\/\/azrielifoundation.org\/fr\/wp-json\/wp\/v2\/stories_entries?post=24920"}],"curies":[{"name":"wp","href":"https:\/\/api.w.org\/{rel}","templated":true}]}}