{"id":4322,"date":"2018-10-16T18:56:38","date_gmt":"2018-10-16T18:56:38","guid":{"rendered":"https:\/\/theazrielifoundationfr.kinsta.cloud\/?p=4322"},"modified":"2019-12-09T19:17:17","modified_gmt":"2019-12-09T19:17:17","slug":"la-fondation-azrieli-annonce-la-creation-dun-nouveau-prix-azrieli-canadien","status":"publish","type":"post","link":"https:\/\/azrielifoundation.org\/fr\/la-fondation-azrieli-annonce-la-creation-dun-nouveau-prix-azrieli-canadien\/","title":{"rendered":"La Fondation Azrieli annonce la cr\u00e9ation d\u2019un nouveau Prix Azrieli canadien"},"content":{"rendered":"\n<p><\/p>\n\n\n\n<style type=\"text\/css\" data-created_by=\"avia_inline_auto\" id=\"style-css-av-fs8u8i-4eb69d3ba70d6773def89b3b2b033793\">\n.flex_column.av-fs8u8i-4eb69d3ba70d6773def89b3b2b033793{\nborder-radius:0px 0px 0px 0px;\npadding:0px 0px 0px 0px;\n}\n<\/style>\n<div  class='flex_column av-fs8u8i-4eb69d3ba70d6773def89b3b2b033793 av_one_full  avia-builder-el-0  el_before_av_textblock  avia-builder-el-first  first flex_column_div av-zero-column-padding  '     ><section  class='av_textblock_section av-e47hle-b29acc1eea76e584ee224fe4a74eb914 '   itemscope=\"itemscope\" itemtype=\"https:\/\/schema.org\/BlogPosting\" itemprop=\"blogPost\" ><div class='avia_textblock azf-news-h1'  itemprop=\"text\" ><h1>LES PRIX AZRIELI DE MUSIQUE SONT D\u00c9SORMAIS LES PLUS GRANDS PRIX DE COMPOSITION AU CANADA.<\/h1>\n<\/div><\/section><br \/>\n<section  class='av_textblock_section av-c3pj9e-617d4c947a9304668232b5cfd0ce37b3 '   itemscope=\"itemscope\" itemtype=\"https:\/\/schema.org\/BlogPosting\" itemprop=\"blogPost\" ><div class='avia_textblock azf-news-date'  itemprop=\"text\" ><p>16 octobre, 2018<\/p>\n<\/div><\/section><br \/>\n<section  class='av_textblock_section av-13c79u-0decc74fdd1a41da58adabd433a0ee5b '   itemscope=\"itemscope\" itemtype=\"https:\/\/schema.org\/BlogPosting\" itemprop=\"blogPost\" ><div class='avia_textblock azf-news-category'  itemprop=\"text\" ><p><a href=\"#\">Press Release<\/a><\/p>\n<\/div><\/section><br \/>\n<section  class='av_textblock_section av-9m05jm-832decb221dd84b38beb845032c4905f '   itemscope=\"itemscope\" itemtype=\"https:\/\/schema.org\/BlogPosting\" itemprop=\"blogPost\" ><div class='avia_textblock azf-news-content'  itemprop=\"text\" ><p>Hier soir, lors du concert gala des <strong>Prix Azrieli de musique<\/strong> (PAM) \u00e0 la Maison symphonique de Montr\u00e9al, la <strong>D<sup>re<\/sup> Sharon Azrieli<\/strong> a annonc\u00e9 une nouvelle initiative philanthropique pour les prestigieux PAM \u2013 les plus grands prix de composition au Canada. Au nom de la Fondation Azrieli, la D<sup>re<\/sup> Azrieli a eu le plaisir d\u2019annoncer la cr\u00e9ation d\u2019un nouveau <strong>Prix Azrieli de la musique canadien<\/strong>, dot\u00e9 de 50\u00a0000\u00a0dollars pour la commande d\u2019une \u0153uvre c\u00e9l\u00e9brant la musique canadienne. Il s\u2019agit du troisi\u00e8me prix biannuel d\u00e9cern\u00e9 dans le cadre des Prix Azrieli de musique. L\u2019appel \u00e0 propositions sera lanc\u00e9 en f\u00e9vrier 2019.<\/p>\n<p>Le compositeur prim\u00e9 du Prix Azrieli de la musique canadien sera charg\u00e9 de cr\u00e9er une nouvelle \u0153uvre majeure pour <strong>Le Nouvel Ensemble Moderne<\/strong> et sa directrice musicale, Lorraine Vaillancourt. Cette cr\u00e9ation originale, ainsi que les autres \u0153uvres d\u00e9velopp\u00e9es dans le cadre des Prix Azrieli de musique, seront pr\u00e9sent\u00e9es lors d\u2019un concert gala en octobre 2020. Les futures \u00e9ditions feront appel \u00e0 des ensembles canadiens prestigieux et contribueront ainsi \u00e0 faire conna\u00eetre le r\u00e9pertoire de musique canadien.<\/p>\n<p>En plus de la r\u00e9tribution mon\u00e9taire et un concert en premi\u00e8re mondiale, le Prix Azrieli de la musique canadien comprend un enregistrement professionnel sous le label Analekta et diff\u00e9rentes campagnes de promotion. La composition prim\u00e9e sera pr\u00e9sent\u00e9e \u00e0 l\u2019\u00e9tranger sous l\u2019\u00e9gide de la Fondation, et fera partie d\u2019une s\u00e9rie d\u2019activit\u00e9s \u00e9ducatives et de sensibilisation qui se d\u00e9rouleront avant le gala. La valeur totale du prix est de plus de 200 000 dollars canadiens par compositeur, ce qui en fait le prix le plus important au Canada et l\u2019un des plus lucratifs sur la sc\u00e8ne mondiale.<\/p>\n<blockquote>\n<p>\u00ab Nous r\u00e9alisons qu\u2019il y a encore trop peu d\u2019initiatives qui encouragent et soutiennent les compositeurs canadiens \u00e0 cr\u00e9er et enregistrer des \u0153uvres majeures. Nous voulons c\u00e9l\u00e9brer le Canada sous toutes ses facettes et proposer des r\u00e9ponses novatrices \u00e0 la question \u201cQu\u2019est-ce que la musique canadienne?\u201d \u00bb<\/p>\n<\/blockquote>\n<p>Dre Azrieli explique l\u2019origine de ce nouveau prix. \u00ab Nous r\u00e9alisons qu\u2019il y a encore trop peu d\u2019initiatives qui encouragent et soutiennent les compositeurs canadiens \u00e0 cr\u00e9er et enregistrer des \u0153uvres majeures. Nous voulons c\u00e9l\u00e9brer le Canada sous toutes ses facettes et proposer des r\u00e9ponses novatrices \u00e0 la question \u201cQu\u2019est-ce que la musique canadienne?\u201d Compte tenu de notre succ\u00e8s avec les deux autres Prix Azrieli de musique, je pr\u00e9sume que les candidatures pour le Prix Azrieli de la musique canadien seront toutes aussi impressionnantes. \u00bb<\/p>\n<p>Le Prix Azrieli de la musique canadien est <strong>r\u00e9serv\u00e9 exclusivement aux compositeurs canadiens<\/strong>. Ils seront jug\u00e9s par un jury pancanadien, compos\u00e9 de :<\/p>\n<ul>\n<li><strong>Barbara Croall<\/strong> est une compositrice et musicienne de la nation Odawa. Elle partage son temps entre la composition, l\u2019interpr\u00e9tation et l\u2019enseignement de la musique, privil\u00e9giant les cours en plein air, dont le contenu est enracin\u00e9 dans les traditions Anishinaabeg.<\/li>\n<li><strong>Mary Ingraham<\/strong> est professeure de musicologie et directrice des <em>Sound Studies Initiative<\/em> \u00e0 l\u2019Universit\u00e9 de l\u2019Alberta \u00e0 Edmonton. Elle explore le r\u00f4le des sons et des m\u00e9dias dans la pr\u00e9servation de la culture et de la m\u00e9moire.<\/li>\n<li><strong>David Pay<\/strong> a fond\u00e9 <em>Music on Main<\/em> \u00e0 Vancouver en 2006, dans le but de cr\u00e9er des exp\u00e9riences musicales \u00e0 la fois informelles et intimistes. Il est reconnu internationalement pour \u00eatre l\u2019un des programmateurs de musique contemporaine et classique les plus \u00e9minents de sa g\u00e9n\u00e9ration.<\/li>\n<li><strong>Ana Sokolovic<\/strong> est une compositrice d\u2019origine serbe, professeure de composition instrumentale \u00e0 l\u2019Universit\u00e9 de Montr\u00e9al. \u00c9tablie au Canada depuis le milieu des ann\u00e9es 1990, elle a \u00e9crit pour de nombreux orchestres et ensembles de musique de chambre canadiens, en plus de s\u2019\u00eatre produite en Europe et en Am\u00e9rique du Nord.<\/li>\n<li><strong>Andrew Staniland<\/strong> est un compositeur et interpr\u00e8te maintes fois prim\u00e9, professeur \u00e0 l\u2019Universit\u00e9 Memorial de Terre-Neuve \u00e0 St-John. Son interpr\u00e9tation est reconnue pour \u00eatre l\u2019une des plus importantes et innovantes au Canada.<\/li>\n<\/ul>\n<p>Cr\u00e9\u00e9s en 2014 par la Fondation Azrieli, les prix Azrieli de musique permettent la d\u00e9couverte, l\u2019expression et la c\u00e9l\u00e9bration de l\u2019excellence de la nouvelle musique. Les deux premiers prix, d\u00e9cern\u00e9s \u00e0 la nouvelle composition de musique juive, sont d\u00e9sormais ouverts \u00e0 la communaut\u00e9 musicale internationale, y compris aux Canadiens. Les \u0153uvres sont propos\u00e9es par des institutions et des individus de toutes nationalit\u00e9s, confessions, origines et affiliations. Elles sont ensuite pr\u00e9sent\u00e9es au jury lors de l\u2019appel biannuel pour la soumission des partitions et projets.<\/p>\n<p>Le gala concert inaugural des Prix Azrieli de musique s\u2019est d\u00e9roul\u00e9 en octobre 2016 avec l\u2019Orchestre symphonique de Montr\u00e9al, sous la direction de Maestro Kent Nagano. Hier soir, Maestro Yoav Talmi \u00e9tait le chef invit\u00e9 de l\u2019orchestre de chambre McGill, lors du gala annuel mettant en vedette les compositions prim\u00e9es de Kelly-Marie Murphy et Avner Dorman pour la nouvelle musique juive.<\/p>\n<p><strong>\u00c0 propos de la Fondation Azrieli<\/strong><br \/>\nAu cours de ces 30 derni\u00e8res ann\u00e9es, la Fondation Azrieli a subventionn\u00e9 avec discr\u00e9tion plusieurs institutions et a men\u00e9 nombre d\u2019actions de m\u00e9c\u00e9nat sur le terrain. La Fondation apporte son soutien financier \u00e0 des initiatives dans divers domaines : l\u2019enseignement de l\u2019Holocauste, la recherche scientifique et m\u00e9dicale, la musique et les arts, l\u2019\u00e9ducation universitaire, l\u2019autonomisation des jeunes et la lutte contre le d\u00e9crochage scolaire, l\u2019architecture, les actions promouvant la qualit\u00e9 de vie des personnes atteintes de troubles du d\u00e9veloppement.<\/p>\n<p><strong>Pour plus d\u2019informations, veuillez contacter :<\/strong><\/p>\n<p>Shira Gilbert<br \/>\n<a href=\"mailto:shira@shiragilbertpr.com\">shira@shiragilbertpr.com<\/a><br \/>\n514.585.3868<\/p>\n<\/div><\/section><\/p><\/div><section  class='av_textblock_section av-73u1z6-b4806af26fca16e11ad1573f53ef9476 '   itemscope=\"itemscope\" itemtype=\"https:\/\/schema.org\/BlogPosting\" itemprop=\"blogPost\" ><div class='avia_textblock azf-news-category--posted-in'  itemprop=\"text\" ><p>Posted in <a href=\"#\">Press Release<\/a><\/p>\n<\/div><\/section><\/p>\n\n<style type=\"text\/css\" data-created_by=\"avia_inline_auto\" id=\"style-css-av-58fkky-1d5aab64577c0711d769f1d5a3ad73b2\">\n#top .hr.hr-invisible.av-58fkky-1d5aab64577c0711d769f1d5a3ad73b2{\nheight:30px;\n}\n<\/style>\n<div  class='hr av-58fkky-1d5aab64577c0711d769f1d5a3ad73b2 hr-invisible  avia-builder-el-6  el_after_av_textblock  el_before_av_codeblock '><span class='hr-inner '><span class=\"hr-inner-style\"><\/span><\/span><\/div>\n\n\n<style type=\"text\/css\" data-created_by=\"avia_inline_auto\" id=\"style-css-av-33u5lu-4d7e694aee5318b0a471a6499f411045\">\n#top .hr.hr-invisible.av-33u5lu-4d7e694aee5318b0a471a6499f411045{\nheight:50px;\n}\n<\/style>\n<div  class='hr av-33u5lu-4d7e694aee5318b0a471a6499f411045 hr-invisible  avia-builder-el-8  el_after_av_codeblock  avia-builder-el-last '><span class='hr-inner '><span class=\"hr-inner-style\"><\/span><\/span><\/div>\n","protected":false},"excerpt":{"rendered":"<p>Une soir\u00e9e exceptionnelle de d\u00e9couverte musicale au cours de laquelle seront pr\u00e9sent\u00e9es en premi\u00e8re mondiale les \u0153uvres des deux laur\u00e9ats des prix de musique Azrieli 2018. Le compositeur d\u2019origine isra\u00e9lienne Avner Dorman vous fera d\u00e9couvrir \u00e0 travers son \u0153uvre <em>Nigunim<\/em> pour violon et orchestre une couleur orchestrale cr\u00e9ative et une virtuosit\u00e9 inspirante, tandis que la compositrice canadienne Kelly-Marie Murphy explorera les richesses de la musique s\u00e9pharade avec son double concerto unique pour harpe et violoncelle <em>En el escuro es todo uno (In the Darkness All is One)<\/em>. <\/p>\n","protected":false},"author":19,"featured_media":0,"comment_status":"open","ping_status":"open","sticky":false,"template":"","format":"standard","meta":{"_acf_changed":false,"inline_featured_image":false,"footnotes":""},"categories":[46,42],"tags":[],"class_list":["post-4322","post","type-post","status-publish","format-standard","hentry","category-nouvelles-actuelles-de-la-musique","category-press-release-fr"],"acf":[],"yoast_head":"<!-- This site is optimized with the Yoast SEO plugin v27.3 - https:\/\/yoast.com\/product\/yoast-seo-wordpress\/ -->\n<title>La Fondation Azrieli annonce la cr\u00e9ation d\u2019un nouveau Prix Azrieli canadien - The Azrieli Foundation<\/title>\n<meta name=\"robots\" content=\"index, follow, max-snippet:-1, max-image-preview:large, max-video-preview:-1\" \/>\n<link rel=\"canonical\" href=\"https:\/\/azrielifoundation.org\/fr\/la-fondation-azrieli-annonce-la-creation-dun-nouveau-prix-azrieli-canadien\/\" \/>\n<meta property=\"og:locale\" content=\"en_US\" \/>\n<meta property=\"og:type\" content=\"article\" \/>\n<meta property=\"og:title\" content=\"La Fondation Azrieli annonce la cr\u00e9ation d\u2019un nouveau Prix Azrieli canadien - The Azrieli Foundation\" \/>\n<meta property=\"og:description\" content=\"Une soir\u00e9e exceptionnelle de d\u00e9couverte musicale au cours de laquelle seront pr\u00e9sent\u00e9es en premi\u00e8re mondiale les \u0153uvres des deux laur\u00e9ats des prix de musique Azrieli 2018. Le compositeur d\u2019origine isra\u00e9lienne Avner Dorman vous fera d\u00e9couvrir \u00e0 travers son \u0153uvre Nigunim pour violon et orchestre une couleur orchestrale cr\u00e9ative et une virtuosit\u00e9 inspirante, tandis que la compositrice canadienne Kelly-Marie Murphy explorera les richesses de la musique s\u00e9pharade avec son double concerto unique pour harpe et violoncelle En el escuro es todo uno (In the Darkness All is One).\" \/>\n<meta property=\"og:url\" content=\"https:\/\/azrielifoundation.org\/fr\/la-fondation-azrieli-annonce-la-creation-dun-nouveau-prix-azrieli-canadien\/\" \/>\n<meta property=\"og:site_name\" content=\"The Azrieli Foundation\" \/>\n<meta property=\"article:published_time\" content=\"2018-10-16T18:56:38+00:00\" \/>\n<meta property=\"article:modified_time\" content=\"2019-12-09T19:17:17+00:00\" \/>\n<meta name=\"author\" content=\"admin-dev\" \/>\n<meta name=\"twitter:card\" content=\"summary_large_image\" \/>\n<meta name=\"twitter:label1\" content=\"Written by\" \/>\n\t<meta name=\"twitter:data1\" content=\"admin-dev\" \/>\n\t<meta name=\"twitter:label2\" content=\"Est. reading time\" \/>\n\t<meta name=\"twitter:data2\" content=\"7 minutes\" \/>\n<script type=\"application\/ld+json\" class=\"yoast-schema-graph\">{\"@context\":\"https:\\\/\\\/schema.org\",\"@graph\":[{\"@type\":\"Article\",\"@id\":\"https:\\\/\\\/azrielifoundation.org\\\/fr\\\/la-fondation-azrieli-annonce-la-creation-dun-nouveau-prix-azrieli-canadien\\\/#article\",\"isPartOf\":{\"@id\":\"https:\\\/\\\/azrielifoundation.org\\\/fr\\\/la-fondation-azrieli-annonce-la-creation-dun-nouveau-prix-azrieli-canadien\\\/\"},\"author\":{\"name\":\"admin-dev\",\"@id\":\"https:\\\/\\\/azrielifoundation.org\\\/fr\\\/#\\\/schema\\\/person\\\/823a42e54e214d8c70e6b35ca81bd96e\"},\"headline\":\"La Fondation Azrieli annonce la cr\u00e9ation d\u2019un nouveau Prix Azrieli canadien\",\"datePublished\":\"2018-10-16T18:56:38+00:00\",\"dateModified\":\"2019-12-09T19:17:17+00:00\",\"mainEntityOfPage\":{\"@id\":\"https:\\\/\\\/azrielifoundation.org\\\/fr\\\/la-fondation-azrieli-annonce-la-creation-dun-nouveau-prix-azrieli-canadien\\\/\"},\"wordCount\":1244,\"commentCount\":0,\"articleSection\":[\"Nouvelles actuelles de la musique\",\"Press Release\"],\"inLanguage\":\"en-US\",\"potentialAction\":[{\"@type\":\"CommentAction\",\"name\":\"Comment\",\"target\":[\"https:\\\/\\\/azrielifoundation.org\\\/fr\\\/la-fondation-azrieli-annonce-la-creation-dun-nouveau-prix-azrieli-canadien\\\/#respond\"]}]},{\"@type\":\"WebPage\",\"@id\":\"https:\\\/\\\/azrielifoundation.org\\\/fr\\\/la-fondation-azrieli-annonce-la-creation-dun-nouveau-prix-azrieli-canadien\\\/\",\"url\":\"https:\\\/\\\/azrielifoundation.org\\\/fr\\\/la-fondation-azrieli-annonce-la-creation-dun-nouveau-prix-azrieli-canadien\\\/\",\"name\":\"La Fondation Azrieli annonce la cr\u00e9ation d\u2019un nouveau Prix Azrieli canadien - The Azrieli Foundation\",\"isPartOf\":{\"@id\":\"https:\\\/\\\/azrielifoundation.org\\\/fr\\\/#website\"},\"datePublished\":\"2018-10-16T18:56:38+00:00\",\"dateModified\":\"2019-12-09T19:17:17+00:00\",\"author\":{\"@id\":\"https:\\\/\\\/azrielifoundation.org\\\/fr\\\/#\\\/schema\\\/person\\\/823a42e54e214d8c70e6b35ca81bd96e\"},\"breadcrumb\":{\"@id\":\"https:\\\/\\\/azrielifoundation.org\\\/fr\\\/la-fondation-azrieli-annonce-la-creation-dun-nouveau-prix-azrieli-canadien\\\/#breadcrumb\"},\"inLanguage\":\"en-US\",\"potentialAction\":[{\"@type\":\"ReadAction\",\"target\":[\"https:\\\/\\\/azrielifoundation.org\\\/fr\\\/la-fondation-azrieli-annonce-la-creation-dun-nouveau-prix-azrieli-canadien\\\/\"]}]},{\"@type\":\"BreadcrumbList\",\"@id\":\"https:\\\/\\\/azrielifoundation.org\\\/fr\\\/la-fondation-azrieli-annonce-la-creation-dun-nouveau-prix-azrieli-canadien\\\/#breadcrumb\",\"itemListElement\":[{\"@type\":\"ListItem\",\"position\":1,\"name\":\"Home\",\"item\":\"https:\\\/\\\/azrielifoundation.org\\\/fr\\\/\"},{\"@type\":\"ListItem\",\"position\":2,\"name\":\"La Fondation Azrieli annonce la cr\u00e9ation d\u2019un nouveau Prix Azrieli canadien\"}]},{\"@type\":\"WebSite\",\"@id\":\"https:\\\/\\\/azrielifoundation.org\\\/fr\\\/#website\",\"url\":\"https:\\\/\\\/azrielifoundation.org\\\/fr\\\/\",\"name\":\"The Azrieli Foundation\",\"description\":\"\",\"potentialAction\":[{\"@type\":\"SearchAction\",\"target\":{\"@type\":\"EntryPoint\",\"urlTemplate\":\"https:\\\/\\\/azrielifoundation.org\\\/fr\\\/?s={search_term_string}\"},\"query-input\":{\"@type\":\"PropertyValueSpecification\",\"valueRequired\":true,\"valueName\":\"search_term_string\"}}],\"inLanguage\":\"en-US\"},{\"@type\":\"Person\",\"@id\":\"https:\\\/\\\/azrielifoundation.org\\\/fr\\\/#\\\/schema\\\/person\\\/823a42e54e214d8c70e6b35ca81bd96e\",\"name\":\"admin-dev\",\"image\":{\"@type\":\"ImageObject\",\"inLanguage\":\"en-US\",\"@id\":\"https:\\\/\\\/secure.gravatar.com\\\/avatar\\\/f660ab912ec121d1b1e928a0bb4bc61b15f5ad44d5efdc4e1c92a25e99b8e44a?s=96&d=mm&r=g\",\"url\":\"https:\\\/\\\/secure.gravatar.com\\\/avatar\\\/f660ab912ec121d1b1e928a0bb4bc61b15f5ad44d5efdc4e1c92a25e99b8e44a?s=96&d=mm&r=g\",\"contentUrl\":\"https:\\\/\\\/secure.gravatar.com\\\/avatar\\\/f660ab912ec121d1b1e928a0bb4bc61b15f5ad44d5efdc4e1c92a25e99b8e44a?s=96&d=mm&r=g\",\"caption\":\"admin-dev\"},\"url\":\"https:\\\/\\\/azrielifoundation.org\\\/fr\\\/author\\\/admin-dev\\\/\"}]}<\/script>\n<!-- \/ Yoast SEO plugin. -->","yoast_head_json":{"title":"La Fondation Azrieli annonce la cr\u00e9ation d\u2019un nouveau Prix Azrieli canadien - The Azrieli Foundation","robots":{"index":"index","follow":"follow","max-snippet":"max-snippet:-1","max-image-preview":"max-image-preview:large","max-video-preview":"max-video-preview:-1"},"canonical":"https:\/\/azrielifoundation.org\/fr\/la-fondation-azrieli-annonce-la-creation-dun-nouveau-prix-azrieli-canadien\/","og_locale":"en_US","og_type":"article","og_title":"La Fondation Azrieli annonce la cr\u00e9ation d\u2019un nouveau Prix Azrieli canadien - The Azrieli Foundation","og_description":"Une soir\u00e9e exceptionnelle de d\u00e9couverte musicale au cours de laquelle seront pr\u00e9sent\u00e9es en premi\u00e8re mondiale les \u0153uvres des deux laur\u00e9ats des prix de musique Azrieli 2018. Le compositeur d\u2019origine isra\u00e9lienne Avner Dorman vous fera d\u00e9couvrir \u00e0 travers son \u0153uvre Nigunim pour violon et orchestre une couleur orchestrale cr\u00e9ative et une virtuosit\u00e9 inspirante, tandis que la compositrice canadienne Kelly-Marie Murphy explorera les richesses de la musique s\u00e9pharade avec son double concerto unique pour harpe et violoncelle En el escuro es todo uno (In the Darkness All is One).","og_url":"https:\/\/azrielifoundation.org\/fr\/la-fondation-azrieli-annonce-la-creation-dun-nouveau-prix-azrieli-canadien\/","og_site_name":"The Azrieli Foundation","article_published_time":"2018-10-16T18:56:38+00:00","article_modified_time":"2019-12-09T19:17:17+00:00","author":"admin-dev","twitter_card":"summary_large_image","twitter_misc":{"Written by":"admin-dev","Est. reading time":"7 minutes"},"schema":{"@context":"https:\/\/schema.org","@graph":[{"@type":"Article","@id":"https:\/\/azrielifoundation.org\/fr\/la-fondation-azrieli-annonce-la-creation-dun-nouveau-prix-azrieli-canadien\/#article","isPartOf":{"@id":"https:\/\/azrielifoundation.org\/fr\/la-fondation-azrieli-annonce-la-creation-dun-nouveau-prix-azrieli-canadien\/"},"author":{"name":"admin-dev","@id":"https:\/\/azrielifoundation.org\/fr\/#\/schema\/person\/823a42e54e214d8c70e6b35ca81bd96e"},"headline":"La Fondation Azrieli annonce la cr\u00e9ation d\u2019un nouveau Prix Azrieli canadien","datePublished":"2018-10-16T18:56:38+00:00","dateModified":"2019-12-09T19:17:17+00:00","mainEntityOfPage":{"@id":"https:\/\/azrielifoundation.org\/fr\/la-fondation-azrieli-annonce-la-creation-dun-nouveau-prix-azrieli-canadien\/"},"wordCount":1244,"commentCount":0,"articleSection":["Nouvelles actuelles de la musique","Press Release"],"inLanguage":"en-US","potentialAction":[{"@type":"CommentAction","name":"Comment","target":["https:\/\/azrielifoundation.org\/fr\/la-fondation-azrieli-annonce-la-creation-dun-nouveau-prix-azrieli-canadien\/#respond"]}]},{"@type":"WebPage","@id":"https:\/\/azrielifoundation.org\/fr\/la-fondation-azrieli-annonce-la-creation-dun-nouveau-prix-azrieli-canadien\/","url":"https:\/\/azrielifoundation.org\/fr\/la-fondation-azrieli-annonce-la-creation-dun-nouveau-prix-azrieli-canadien\/","name":"La Fondation Azrieli annonce la cr\u00e9ation d\u2019un nouveau Prix Azrieli canadien - The Azrieli Foundation","isPartOf":{"@id":"https:\/\/azrielifoundation.org\/fr\/#website"},"datePublished":"2018-10-16T18:56:38+00:00","dateModified":"2019-12-09T19:17:17+00:00","author":{"@id":"https:\/\/azrielifoundation.org\/fr\/#\/schema\/person\/823a42e54e214d8c70e6b35ca81bd96e"},"breadcrumb":{"@id":"https:\/\/azrielifoundation.org\/fr\/la-fondation-azrieli-annonce-la-creation-dun-nouveau-prix-azrieli-canadien\/#breadcrumb"},"inLanguage":"en-US","potentialAction":[{"@type":"ReadAction","target":["https:\/\/azrielifoundation.org\/fr\/la-fondation-azrieli-annonce-la-creation-dun-nouveau-prix-azrieli-canadien\/"]}]},{"@type":"BreadcrumbList","@id":"https:\/\/azrielifoundation.org\/fr\/la-fondation-azrieli-annonce-la-creation-dun-nouveau-prix-azrieli-canadien\/#breadcrumb","itemListElement":[{"@type":"ListItem","position":1,"name":"Home","item":"https:\/\/azrielifoundation.org\/fr\/"},{"@type":"ListItem","position":2,"name":"La Fondation Azrieli annonce la cr\u00e9ation d\u2019un nouveau Prix Azrieli canadien"}]},{"@type":"WebSite","@id":"https:\/\/azrielifoundation.org\/fr\/#website","url":"https:\/\/azrielifoundation.org\/fr\/","name":"The Azrieli Foundation","description":"","potentialAction":[{"@type":"SearchAction","target":{"@type":"EntryPoint","urlTemplate":"https:\/\/azrielifoundation.org\/fr\/?s={search_term_string}"},"query-input":{"@type":"PropertyValueSpecification","valueRequired":true,"valueName":"search_term_string"}}],"inLanguage":"en-US"},{"@type":"Person","@id":"https:\/\/azrielifoundation.org\/fr\/#\/schema\/person\/823a42e54e214d8c70e6b35ca81bd96e","name":"admin-dev","image":{"@type":"ImageObject","inLanguage":"en-US","@id":"https:\/\/secure.gravatar.com\/avatar\/f660ab912ec121d1b1e928a0bb4bc61b15f5ad44d5efdc4e1c92a25e99b8e44a?s=96&d=mm&r=g","url":"https:\/\/secure.gravatar.com\/avatar\/f660ab912ec121d1b1e928a0bb4bc61b15f5ad44d5efdc4e1c92a25e99b8e44a?s=96&d=mm&r=g","contentUrl":"https:\/\/secure.gravatar.com\/avatar\/f660ab912ec121d1b1e928a0bb4bc61b15f5ad44d5efdc4e1c92a25e99b8e44a?s=96&d=mm&r=g","caption":"admin-dev"},"url":"https:\/\/azrielifoundation.org\/fr\/author\/admin-dev\/"}]}},"external_resource_link":"","_links":{"self":[{"href":"https:\/\/azrielifoundation.org\/fr\/wp-json\/wp\/v2\/posts\/4322","targetHints":{"allow":["GET"]}}],"collection":[{"href":"https:\/\/azrielifoundation.org\/fr\/wp-json\/wp\/v2\/posts"}],"about":[{"href":"https:\/\/azrielifoundation.org\/fr\/wp-json\/wp\/v2\/types\/post"}],"author":[{"embeddable":true,"href":"https:\/\/azrielifoundation.org\/fr\/wp-json\/wp\/v2\/users\/19"}],"replies":[{"embeddable":true,"href":"https:\/\/azrielifoundation.org\/fr\/wp-json\/wp\/v2\/comments?post=4322"}],"version-history":[{"count":9,"href":"https:\/\/azrielifoundation.org\/fr\/wp-json\/wp\/v2\/posts\/4322\/revisions"}],"predecessor-version":[{"id":25228,"href":"https:\/\/azrielifoundation.org\/fr\/wp-json\/wp\/v2\/posts\/4322\/revisions\/25228"}],"wp:attachment":[{"href":"https:\/\/azrielifoundation.org\/fr\/wp-json\/wp\/v2\/media?parent=4322"}],"wp:term":[{"taxonomy":"category","embeddable":true,"href":"https:\/\/azrielifoundation.org\/fr\/wp-json\/wp\/v2\/categories?post=4322"},{"taxonomy":"post_tag","embeddable":true,"href":"https:\/\/azrielifoundation.org\/fr\/wp-json\/wp\/v2\/tags?post=4322"}],"curies":[{"name":"wp","href":"https:\/\/api.w.org\/{rel}","templated":true}]}}